{"id":756,"date":"2025-01-02T13:02:06","date_gmt":"2025-01-02T13:02:06","guid":{"rendered":"https:\/\/www.aylikdergisi.com\/?p=756"},"modified":"2025-02-19T13:03:33","modified_gmt":"2025-02-19T13:03:33","slug":"aylik-baran-dergisi-35-sayisi-cikti-buyuk-doguya-bir-adim-daha","status":"publish","type":"post","link":"https:\/\/www.aylikdergisi.com\/index.php\/2025\/01\/02\/aylik-baran-dergisi-35-sayisi-cikti-buyuk-doguya-bir-adim-daha\/","title":{"rendered":"Ayl\u0131k Baran Dergisi 35. Say\u0131s\u0131 \u00c7\u0131kt\u0131: &#8220;B\u00fcy\u00fck Do\u011fu\u2019ya Bir Ad\u0131m Daha&#8221;"},"content":{"rendered":"<p>Ayl\u0131k <em>Baran Dergisi<\/em>\u2019nin 35. say\u0131s\u0131 yay\u0131mland\u0131. <strong>&#8220;B\u00fcy\u00fck Do\u011fu\u2019ya Bir Ad\u0131m Daha&#8221;<\/strong> man\u015fetiyle \u00e7\u0131kan bu say\u0131da, <strong>Suriye\u2019deki halk ihtilalinin sadece bir rejim de\u011fi\u015fikli\u011fi de\u011fil, Ortado\u011fu\u2019nun \u00f6zg\u00fcrl\u00fck ve adalet m\u00fccadelesinde tarih\u00ee bir d\u00f6n\u00fcm noktas\u0131 oldu\u011fu<\/strong> vurguland\u0131.<\/p>\n<p>Dergide, <strong>Suriye\u2019de ya\u015fanan devrimin, emperyalist g\u00fc\u00e7lere kar\u015f\u0131 bir ba\u015fkald\u0131r\u0131 oldu\u011fu ve halklar\u0131n kendi iradesini yeniden in\u015fa etme arzusunun bir ifadesi oldu\u011fu<\/strong> belirtilirken, <strong>Necip Faz\u0131l\u2019\u0131n &#8220;B\u00fcy\u00fck Do\u011fu&#8221; ideali \u00e7er\u00e7evesinde bu s\u00fcrecin T\u00fcrk milletinin tarih\u00ee misyonuyla ba\u011flant\u0131l\u0131 oldu\u011fu<\/strong> de\u011ferlendiriliyor.<\/p>\n<p><strong>DERG\u0130DE NELER VAR?<\/strong><\/p>\n<p>Anadolu Dal\u0131 Suriye&#8217;de Ye\u015ferdi &#8211; \u00d6mer Emre AkCebe<\/p>\n<p>Suriye&#8217;de Devrimin Arap Bahar\u0131na Etkisi Olur mu? &#8211; Abdullah Said<\/p>\n<p>Necip Faz\u0131l&#8217;\u0131n Kaynaklar\u0131 &#8211; K\u00e2z\u0131m Albay<\/p>\n<p>Necip Faz\u0131l&#8217;\u0131n Eserlerinde \u0130lahiyat ve Sosyal Bilimler Paneli<\/p>\n<p>Karma E\u011fitimin Yanl\u0131\u015fl\u0131\u011f\u0131 &#8211; Mustafa K. Topalo\u011flu<\/p>\n<p>Mill\u00ee ve Manev\u00ee E\u011fitim Nas\u0131l Olmal\u0131d\u0131r? &#8211; Saadettin Terzio\u011flu<\/p>\n<p>Picasso Sergisi Vesilesiyle &#8211; K\u00e2z\u0131m Albay<\/p>\n<p>\u015eehir, Mahalle ve Ev &#8211; Hasan H\u00fcseyin Akda\u011f<\/p>\n<p>Mahallenin Adamlar\u0131 &#8211; Zeynel \u00c2bidin Danal\u0131o\u011flu<\/p>\n<p><strong>R\u00d6PORTAJLAR<\/strong><\/p>\n<p>R\u00f6portaj &#8211; Abdullah Davuto\u011flu<\/p>\n<p>R\u00f6portaj &#8211; Dr. Abdulkadir \u015een<\/p>\n<p>R\u00f6portaj &#8211; \u0130brahim Tatl\u0131<\/p>\n<p>R\u00f6portaj &#8211; \u00c2mir Alhamad<\/p>\n<p>R\u00f6portaj &#8211; Mehmet \u00c2kif Can<\/p>\n<p>R\u00f6portaj &#8211; Do\u00e7. Dr. Chr\u0131stos Teazis<\/p>\n<p>\ud83d\udccc <em>Baran Dergisi\u2019nin 35. say\u0131s\u0131na <a href=\"https:\/\/www.aylikbaran.com\/product-page\/ayl%C4%B1k-baran-dergisi-35-say%C4%B1-%C3%A7%C4%B1kt%C4%B1\">buradan<\/a> ula\u015fabilirsiniz.<\/em><\/p>\n<p><img loading=\"lazy\" decoding=\"async\" class=\"alignnone size-large wp-image-758\" src=\"https:\/\/www.aylikdergisi.com\/wp-content\/uploads\/2025\/02\/aylik-baran-dergisi-35-sayi-cikti-723x1024.webp\" alt=\"\" width=\"640\" height=\"906\" srcset=\"https:\/\/www.aylikdergisi.com\/wp-content\/uploads\/2025\/02\/aylik-baran-dergisi-35-sayi-cikti-723x1024.webp 723w, https:\/\/www.aylikdergisi.com\/wp-content\/uploads\/2025\/02\/aylik-baran-dergisi-35-sayi-cikti-212x300.webp 212w, https:\/\/www.aylikdergisi.com\/wp-content\/uploads\/2025\/02\/aylik-baran-dergisi-35-sayi-cikti-768x1088.webp 768w, https:\/\/www.aylikdergisi.com\/wp-content\/uploads\/2025\/02\/aylik-baran-dergisi-35-sayi-cikti-1084x1536.webp 1084w, https:\/\/www.aylikdergisi.com\/wp-content\/uploads\/2025\/02\/aylik-baran-dergisi-35-sayi-cikti-1446x2048.webp 1446w, https:\/\/www.aylikdergisi.com\/wp-content\/uploads\/2025\/02\/aylik-baran-dergisi-35-sayi-cikti-scaled.webp 1807w\" sizes=\"auto, (max-width: 640px) 100vw, 640px\" \/><\/p>\n<p>&nbsp;<\/p>\n","protected":false},"excerpt":{"rendered":"<p>Ayl\u0131k Baran Dergisi\u2019nin 35. say\u0131s\u0131 yay\u0131mland\u0131. &#8220;B\u00fcy\u00fck Do\u011fu\u2019ya Bir Ad\u0131m Daha&#8221; man\u015fetiyle \u00e7\u0131kan bu say\u0131da, Suriye\u2019deki halk ihtilalinin sadece bir rejim de\u011fi\u015fikli\u011fi de\u011fil, Ortado\u011fu\u2019nun \u00f6zg\u00fcrl\u00fck ve adalet m\u00fccadelesinde tarih\u00ee bir&hellip;<\/p>\n","protected":false},"author":1,"featured_media":757,"comment_status":"open","ping_status":"open","sticky":false,"template":"","format":"standard","meta":{"footnotes":""},"categories":[33],"tags":[],"ppma_author":[14],"class_list":["post-756","post","type-post","status-publish","format-standard","has-post-thumbnail","hentry","category-aylik-baran","author-admin"],"yoast_head":"<!-- This site is optimized with the Yoast SEO plugin v26.8 - https:\/\/yoast.com\/product\/yoast-seo-wordpress\/ -->\n<title>Ayl\u0131k Baran Dergisi 35. Say\u0131s\u0131 \u00c7\u0131kt\u0131: &quot;B\u00fcy\u00fck Do\u011fu\u2019ya Bir Ad\u0131m Daha&quot; - Ayl\u0131k Dergisi<\/title>\n<meta name=\"robots\" content=\"index, follow, max-snippet:-1, max-image-preview:large, max-video-preview:-1\" \/>\n<link rel=\"canonical\" href=\"https:\/\/www.aylikdergisi.com\/index.php\/2025\/01\/02\/aylik-baran-dergisi-35-sayisi-cikti-buyuk-doguya-bir-adim-daha\/\" \/>\n<meta property=\"og:locale\" content=\"tr_TR\" \/>\n<meta property=\"og:type\" content=\"article\" \/>\n<meta property=\"og:title\" content=\"Ayl\u0131k Baran Dergisi 35. Say\u0131s\u0131 \u00c7\u0131kt\u0131: &quot;B\u00fcy\u00fck Do\u011fu\u2019ya Bir Ad\u0131m Daha&quot; - Ayl\u0131k Dergisi\" \/>\n<meta property=\"og:description\" content=\"Ayl\u0131k Baran Dergisi\u2019nin 35. say\u0131s\u0131 yay\u0131mland\u0131. &#8220;B\u00fcy\u00fck Do\u011fu\u2019ya Bir Ad\u0131m Daha&#8221; man\u015fetiyle \u00e7\u0131kan bu say\u0131da, Suriye\u2019deki halk ihtilalinin sadece bir rejim de\u011fi\u015fikli\u011fi de\u011fil, Ortado\u011fu\u2019nun \u00f6zg\u00fcrl\u00fck ve adalet m\u00fccadelesinde tarih\u00ee bir&hellip;\" \/>\n<meta property=\"og:url\" content=\"https:\/\/www.aylikdergisi.com\/index.php\/2025\/01\/02\/aylik-baran-dergisi-35-sayisi-cikti-buyuk-doguya-bir-adim-daha\/\" \/>\n<meta property=\"og:site_name\" content=\"Ayl\u0131k Dergisi\" \/>\n<meta property=\"article:publisher\" content=\"https:\/\/www.facebook.com\/AylikBaranDergisi\" \/>\n<meta property=\"article:published_time\" content=\"2025-01-02T13:02:06+00:00\" \/>\n<meta property=\"article:modified_time\" content=\"2025-02-19T13:03:33+00:00\" \/>\n<meta property=\"og:image\" content=\"https:\/\/www.aylikdergisi.com\/wp-content\/uploads\/2025\/02\/aylik-baran-35.webp\" \/>\n\t<meta property=\"og:image:width\" content=\"1220\" \/>\n\t<meta property=\"og:image:height\" content=\"680\" \/>\n\t<meta property=\"og:image:type\" content=\"image\/webp\" \/>\n<meta name=\"author\" content=\"aylikdergisi\" \/>\n<meta name=\"twitter:card\" content=\"summary_large_image\" \/>\n<meta name=\"twitter:creator\" content=\"@Aylik_Dergisi\" \/>\n<meta name=\"twitter:site\" content=\"@Aylik_Dergisi\" \/>\n<meta name=\"twitter:label1\" content=\"Yazan:\" \/>\n\t<meta name=\"twitter:data1\" content=\"aylikdergisi\" \/>\n\t<meta name=\"twitter:label2\" content=\"Tahmini okuma s\u00fcresi\" \/>\n\t<meta name=\"twitter:data2\" content=\"2 dakika\" \/>\n<script type=\"application\/ld+json\" class=\"yoast-schema-graph\">{\"@context\":\"https:\/\/schema.org\",\"@graph\":[{\"@type\":\"Article\",\"@id\":\"https:\/\/www.aylikdergisi.com\/index.php\/2025\/01\/02\/aylik-baran-dergisi-35-sayisi-cikti-buyuk-doguya-bir-adim-daha\/#article\",\"isPartOf\":{\"@id\":\"https:\/\/www.aylikdergisi.com\/index.php\/2025\/01\/02\/aylik-baran-dergisi-35-sayisi-cikti-buyuk-doguya-bir-adim-daha\/\"},\"author\":{\"name\":\"aylikdergisi\",\"@id\":\"https:\/\/www.aylikdergisi.com\/#\/schema\/person\/f6f24c4fc82f2469847571852b8c65fd\"},\"headline\":\"Ayl\u0131k Baran Dergisi 35. Say\u0131s\u0131 \u00c7\u0131kt\u0131: &#8220;B\u00fcy\u00fck Do\u011fu\u2019ya Bir Ad\u0131m Daha&#8221;\",\"datePublished\":\"2025-01-02T13:02:06+00:00\",\"dateModified\":\"2025-02-19T13:03:33+00:00\",\"mainEntityOfPage\":{\"@id\":\"https:\/\/www.aylikdergisi.com\/index.php\/2025\/01\/02\/aylik-baran-dergisi-35-sayisi-cikti-buyuk-doguya-bir-adim-daha\/\"},\"wordCount\":273,\"commentCount\":0,\"publisher\":{\"@id\":\"https:\/\/www.aylikdergisi.com\/#organization\"},\"image\":{\"@id\":\"https:\/\/www.aylikdergisi.com\/index.php\/2025\/01\/02\/aylik-baran-dergisi-35-sayisi-cikti-buyuk-doguya-bir-adim-daha\/#primaryimage\"},\"thumbnailUrl\":\"https:\/\/www.aylikdergisi.com\/wp-content\/uploads\/2025\/02\/aylik-baran-35.webp\",\"articleSection\":[\"Ayl\u0131k Baran\"],\"inLanguage\":\"tr\",\"potentialAction\":[{\"@type\":\"CommentAction\",\"name\":\"Comment\",\"target\":[\"https:\/\/www.aylikdergisi.com\/index.php\/2025\/01\/02\/aylik-baran-dergisi-35-sayisi-cikti-buyuk-doguya-bir-adim-daha\/#respond\"]}]},{\"@type\":\"WebPage\",\"@id\":\"https:\/\/www.aylikdergisi.com\/index.php\/2025\/01\/02\/aylik-baran-dergisi-35-sayisi-cikti-buyuk-doguya-bir-adim-daha\/\",\"url\":\"https:\/\/www.aylikdergisi.com\/index.php\/2025\/01\/02\/aylik-baran-dergisi-35-sayisi-cikti-buyuk-doguya-bir-adim-daha\/\",\"name\":\"Ayl\u0131k Baran Dergisi 35. Say\u0131s\u0131 \u00c7\u0131kt\u0131: \\\"B\u00fcy\u00fck Do\u011fu\u2019ya Bir Ad\u0131m Daha\\\" - Ayl\u0131k Dergisi\",\"isPartOf\":{\"@id\":\"https:\/\/www.aylikdergisi.com\/#website\"},\"primaryImageOfPage\":{\"@id\":\"https:\/\/www.aylikdergisi.com\/index.php\/2025\/01\/02\/aylik-baran-dergisi-35-sayisi-cikti-buyuk-doguya-bir-adim-daha\/#primaryimage\"},\"image\":{\"@id\":\"https:\/\/www.aylikdergisi.com\/index.php\/2025\/01\/02\/aylik-baran-dergisi-35-sayisi-cikti-buyuk-doguya-bir-adim-daha\/#primaryimage\"},\"thumbnailUrl\":\"https:\/\/www.aylikdergisi.com\/wp-content\/uploads\/2025\/02\/aylik-baran-35.webp\",\"datePublished\":\"2025-01-02T13:02:06+00:00\",\"dateModified\":\"2025-02-19T13:03:33+00:00\",\"breadcrumb\":{\"@id\":\"https:\/\/www.aylikdergisi.com\/index.php\/2025\/01\/02\/aylik-baran-dergisi-35-sayisi-cikti-buyuk-doguya-bir-adim-daha\/#breadcrumb\"},\"inLanguage\":\"tr\",\"potentialAction\":[{\"@type\":\"ReadAction\",\"target\":[\"https:\/\/www.aylikdergisi.com\/index.php\/2025\/01\/02\/aylik-baran-dergisi-35-sayisi-cikti-buyuk-doguya-bir-adim-daha\/\"]}]},{\"@type\":\"ImageObject\",\"inLanguage\":\"tr\",\"@id\":\"https:\/\/www.aylikdergisi.com\/index.php\/2025\/01\/02\/aylik-baran-dergisi-35-sayisi-cikti-buyuk-doguya-bir-adim-daha\/#primaryimage\",\"url\":\"https:\/\/www.aylikdergisi.com\/wp-content\/uploads\/2025\/02\/aylik-baran-35.webp\",\"contentUrl\":\"https:\/\/www.aylikdergisi.com\/wp-content\/uploads\/2025\/02\/aylik-baran-35.webp\",\"width\":1220,\"height\":680},{\"@type\":\"BreadcrumbList\",\"@id\":\"https:\/\/www.aylikdergisi.com\/index.php\/2025\/01\/02\/aylik-baran-dergisi-35-sayisi-cikti-buyuk-doguya-bir-adim-daha\/#breadcrumb\",\"itemListElement\":[{\"@type\":\"ListItem\",\"position\":1,\"name\":\"Anasayfa\",\"item\":\"https:\/\/www.aylikdergisi.com\/\"},{\"@type\":\"ListItem\",\"position\":2,\"name\":\"Ayl\u0131k Baran Dergisi 35. Say\u0131s\u0131 \u00c7\u0131kt\u0131: &#8220;B\u00fcy\u00fck Do\u011fu\u2019ya Bir Ad\u0131m Daha&#8221;\"}]},{\"@type\":\"WebSite\",\"@id\":\"https:\/\/www.aylikdergisi.com\/#website\",\"url\":\"https:\/\/www.aylikdergisi.com\/\",\"name\":\"Ayl\u0131k Dergisi\",\"description\":\"Fikir, Siyaset, Toplum ve K&uuml;lt&uuml;r Sanat\",\"publisher\":{\"@id\":\"https:\/\/www.aylikdergisi.com\/#organization\"},\"potentialAction\":[{\"@type\":\"SearchAction\",\"target\":{\"@type\":\"EntryPoint\",\"urlTemplate\":\"https:\/\/www.aylikdergisi.com\/?s={search_term_string}\"},\"query-input\":{\"@type\":\"PropertyValueSpecification\",\"valueRequired\":true,\"valueName\":\"search_term_string\"}}],\"inLanguage\":\"tr\"},{\"@type\":\"Organization\",\"@id\":\"https:\/\/www.aylikdergisi.com\/#organization\",\"name\":\"Ayl\u0131k Dergisi\",\"url\":\"https:\/\/www.aylikdergisi.com\/\",\"logo\":{\"@type\":\"ImageObject\",\"inLanguage\":\"tr\",\"@id\":\"https:\/\/www.aylikdergisi.com\/#\/schema\/logo\/image\/\",\"url\":\"http:\/\/aylikdergisi.com\/wp-content\/uploads\/2023\/03\/cropped-aylik-dergisi-logo-taslak.png\",\"contentUrl\":\"http:\/\/aylikdergisi.com\/wp-content\/uploads\/2023\/03\/cropped-aylik-dergisi-logo-taslak.png\",\"width\":380,\"height\":287,\"caption\":\"Ayl\u0131k Dergisi\"},\"image\":{\"@id\":\"https:\/\/www.aylikdergisi.com\/#\/schema\/logo\/image\/\"},\"sameAs\":[\"https:\/\/www.facebook.com\/AylikBaranDergisi\",\"https:\/\/x.com\/Aylik_Dergisi\",\"https:\/\/www.instagram.com\/aylikbarandergisi\/\"]},{\"@type\":\"Person\",\"@id\":\"https:\/\/www.aylikdergisi.com\/#\/schema\/person\/f6f24c4fc82f2469847571852b8c65fd\",\"name\":\"aylikdergisi\",\"image\":{\"@type\":\"ImageObject\",\"inLanguage\":\"tr\",\"@id\":\"https:\/\/www.aylikdergisi.com\/#\/schema\/person\/image\/794c885c93221403cc418bbc3f8b6bb9\",\"url\":\"https:\/\/secure.gravatar.com\/avatar\/d913209259cea2fbc9e0fe2b58775b1e647df1ee76ecf3e69623cc9249747609?s=96&d=mm&r=g\",\"contentUrl\":\"https:\/\/secure.gravatar.com\/avatar\/d913209259cea2fbc9e0fe2b58775b1e647df1ee76ecf3e69623cc9249747609?s=96&d=mm&r=g\",\"caption\":\"aylikdergisi\"},\"sameAs\":[\"http:\/\/aylikdergisi.com\"],\"url\":\"https:\/\/www.aylikdergisi.com\/index.php\/author\/admin\/\"}]}<\/script>\n<!-- \/ Yoast SEO plugin. -->","yoast_head_json":{"title":"Ayl\u0131k Baran Dergisi 35. Say\u0131s\u0131 \u00c7\u0131kt\u0131: \"B\u00fcy\u00fck Do\u011fu\u2019ya Bir Ad\u0131m Daha\" - Ayl\u0131k Dergisi","robots":{"index":"index","follow":"follow","max-snippet":"max-snippet:-1","max-image-preview":"max-image-preview:large","max-video-preview":"max-video-preview:-1"},"canonical":"https:\/\/www.aylikdergisi.com\/index.php\/2025\/01\/02\/aylik-baran-dergisi-35-sayisi-cikti-buyuk-doguya-bir-adim-daha\/","og_locale":"tr_TR","og_type":"article","og_title":"Ayl\u0131k Baran Dergisi 35. Say\u0131s\u0131 \u00c7\u0131kt\u0131: \"B\u00fcy\u00fck Do\u011fu\u2019ya Bir Ad\u0131m Daha\" - Ayl\u0131k Dergisi","og_description":"Ayl\u0131k Baran Dergisi\u2019nin 35. say\u0131s\u0131 yay\u0131mland\u0131. &#8220;B\u00fcy\u00fck Do\u011fu\u2019ya Bir Ad\u0131m Daha&#8221; man\u015fetiyle \u00e7\u0131kan bu say\u0131da, Suriye\u2019deki halk ihtilalinin sadece bir rejim de\u011fi\u015fikli\u011fi de\u011fil, Ortado\u011fu\u2019nun \u00f6zg\u00fcrl\u00fck ve adalet m\u00fccadelesinde tarih\u00ee bir&hellip;","og_url":"https:\/\/www.aylikdergisi.com\/index.php\/2025\/01\/02\/aylik-baran-dergisi-35-sayisi-cikti-buyuk-doguya-bir-adim-daha\/","og_site_name":"Ayl\u0131k Dergisi","article_publisher":"https:\/\/www.facebook.com\/AylikBaranDergisi","article_published_time":"2025-01-02T13:02:06+00:00","article_modified_time":"2025-02-19T13:03:33+00:00","og_image":[{"width":1220,"height":680,"url":"https:\/\/www.aylikdergisi.com\/wp-content\/uploads\/2025\/02\/aylik-baran-35.webp","type":"image\/webp"}],"author":"aylikdergisi","twitter_card":"summary_large_image","twitter_creator":"@Aylik_Dergisi","twitter_site":"@Aylik_Dergisi","twitter_misc":{"Yazan:":"aylikdergisi","Tahmini okuma s\u00fcresi":"2 dakika"},"schema":{"@context":"https:\/\/schema.org","@graph":[{"@type":"Article","@id":"https:\/\/www.aylikdergisi.com\/index.php\/2025\/01\/02\/aylik-baran-dergisi-35-sayisi-cikti-buyuk-doguya-bir-adim-daha\/#article","isPartOf":{"@id":"https:\/\/www.aylikdergisi.com\/index.php\/2025\/01\/02\/aylik-baran-dergisi-35-sayisi-cikti-buyuk-doguya-bir-adim-daha\/"},"author":{"name":"aylikdergisi","@id":"https:\/\/www.aylikdergisi.com\/#\/schema\/person\/f6f24c4fc82f2469847571852b8c65fd"},"headline":"Ayl\u0131k Baran Dergisi 35. Say\u0131s\u0131 \u00c7\u0131kt\u0131: &#8220;B\u00fcy\u00fck Do\u011fu\u2019ya Bir Ad\u0131m Daha&#8221;","datePublished":"2025-01-02T13:02:06+00:00","dateModified":"2025-02-19T13:03:33+00:00","mainEntityOfPage":{"@id":"https:\/\/www.aylikdergisi.com\/index.php\/2025\/01\/02\/aylik-baran-dergisi-35-sayisi-cikti-buyuk-doguya-bir-adim-daha\/"},"wordCount":273,"commentCount":0,"publisher":{"@id":"https:\/\/www.aylikdergisi.com\/#organization"},"image":{"@id":"https:\/\/www.aylikdergisi.com\/index.php\/2025\/01\/02\/aylik-baran-dergisi-35-sayisi-cikti-buyuk-doguya-bir-adim-daha\/#primaryimage"},"thumbnailUrl":"https:\/\/www.aylikdergisi.com\/wp-content\/uploads\/2025\/02\/aylik-baran-35.webp","articleSection":["Ayl\u0131k Baran"],"inLanguage":"tr","potentialAction":[{"@type":"CommentAction","name":"Comment","target":["https:\/\/www.aylikdergisi.com\/index.php\/2025\/01\/02\/aylik-baran-dergisi-35-sayisi-cikti-buyuk-doguya-bir-adim-daha\/#respond"]}]},{"@type":"WebPage","@id":"https:\/\/www.aylikdergisi.com\/index.php\/2025\/01\/02\/aylik-baran-dergisi-35-sayisi-cikti-buyuk-doguya-bir-adim-daha\/","url":"https:\/\/www.aylikdergisi.com\/index.php\/2025\/01\/02\/aylik-baran-dergisi-35-sayisi-cikti-buyuk-doguya-bir-adim-daha\/","name":"Ayl\u0131k Baran Dergisi 35. Say\u0131s\u0131 \u00c7\u0131kt\u0131: \"B\u00fcy\u00fck Do\u011fu\u2019ya Bir Ad\u0131m Daha\" - Ayl\u0131k Dergisi","isPartOf":{"@id":"https:\/\/www.aylikdergisi.com\/#website"},"primaryImageOfPage":{"@id":"https:\/\/www.aylikdergisi.com\/index.php\/2025\/01\/02\/aylik-baran-dergisi-35-sayisi-cikti-buyuk-doguya-bir-adim-daha\/#primaryimage"},"image":{"@id":"https:\/\/www.aylikdergisi.com\/index.php\/2025\/01\/02\/aylik-baran-dergisi-35-sayisi-cikti-buyuk-doguya-bir-adim-daha\/#primaryimage"},"thumbnailUrl":"https:\/\/www.aylikdergisi.com\/wp-content\/uploads\/2025\/02\/aylik-baran-35.webp","datePublished":"2025-01-02T13:02:06+00:00","dateModified":"2025-02-19T13:03:33+00:00","breadcrumb":{"@id":"https:\/\/www.aylikdergisi.com\/index.php\/2025\/01\/02\/aylik-baran-dergisi-35-sayisi-cikti-buyuk-doguya-bir-adim-daha\/#breadcrumb"},"inLanguage":"tr","potentialAction":[{"@type":"ReadAction","target":["https:\/\/www.aylikdergisi.com\/index.php\/2025\/01\/02\/aylik-baran-dergisi-35-sayisi-cikti-buyuk-doguya-bir-adim-daha\/"]}]},{"@type":"ImageObject","inLanguage":"tr","@id":"https:\/\/www.aylikdergisi.com\/index.php\/2025\/01\/02\/aylik-baran-dergisi-35-sayisi-cikti-buyuk-doguya-bir-adim-daha\/#primaryimage","url":"https:\/\/www.aylikdergisi.com\/wp-content\/uploads\/2025\/02\/aylik-baran-35.webp","contentUrl":"https:\/\/www.aylikdergisi.com\/wp-content\/uploads\/2025\/02\/aylik-baran-35.webp","width":1220,"height":680},{"@type":"BreadcrumbList","@id":"https:\/\/www.aylikdergisi.com\/index.php\/2025\/01\/02\/aylik-baran-dergisi-35-sayisi-cikti-buyuk-doguya-bir-adim-daha\/#breadcrumb","itemListElement":[{"@type":"ListItem","position":1,"name":"Anasayfa","item":"https:\/\/www.aylikdergisi.com\/"},{"@type":"ListItem","position":2,"name":"Ayl\u0131k Baran Dergisi 35. Say\u0131s\u0131 \u00c7\u0131kt\u0131: &#8220;B\u00fcy\u00fck Do\u011fu\u2019ya Bir Ad\u0131m Daha&#8221;"}]},{"@type":"WebSite","@id":"https:\/\/www.aylikdergisi.com\/#website","url":"https:\/\/www.aylikdergisi.com\/","name":"Ayl\u0131k Dergisi","description":"Fikir, Siyaset, Toplum ve K&uuml;lt&uuml;r Sanat","publisher":{"@id":"https:\/\/www.aylikdergisi.com\/#organization"},"potentialAction":[{"@type":"SearchAction","target":{"@type":"EntryPoint","urlTemplate":"https:\/\/www.aylikdergisi.com\/?s={search_term_string}"},"query-input":{"@type":"PropertyValueSpecification","valueRequired":true,"valueName":"search_term_string"}}],"inLanguage":"tr"},{"@type":"Organization","@id":"https:\/\/www.aylikdergisi.com\/#organization","name":"Ayl\u0131k Dergisi","url":"https:\/\/www.aylikdergisi.com\/","logo":{"@type":"ImageObject","inLanguage":"tr","@id":"https:\/\/www.aylikdergisi.com\/#\/schema\/logo\/image\/","url":"http:\/\/aylikdergisi.com\/wp-content\/uploads\/2023\/03\/cropped-aylik-dergisi-logo-taslak.png","contentUrl":"http:\/\/aylikdergisi.com\/wp-content\/uploads\/2023\/03\/cropped-aylik-dergisi-logo-taslak.png","width":380,"height":287,"caption":"Ayl\u0131k Dergisi"},"image":{"@id":"https:\/\/www.aylikdergisi.com\/#\/schema\/logo\/image\/"},"sameAs":["https:\/\/www.facebook.com\/AylikBaranDergisi","https:\/\/x.com\/Aylik_Dergisi","https:\/\/www.instagram.com\/aylikbarandergisi\/"]},{"@type":"Person","@id":"https:\/\/www.aylikdergisi.com\/#\/schema\/person\/f6f24c4fc82f2469847571852b8c65fd","name":"aylikdergisi","image":{"@type":"ImageObject","inLanguage":"tr","@id":"https:\/\/www.aylikdergisi.com\/#\/schema\/person\/image\/794c885c93221403cc418bbc3f8b6bb9","url":"https:\/\/secure.gravatar.com\/avatar\/d913209259cea2fbc9e0fe2b58775b1e647df1ee76ecf3e69623cc9249747609?s=96&d=mm&r=g","contentUrl":"https:\/\/secure.gravatar.com\/avatar\/d913209259cea2fbc9e0fe2b58775b1e647df1ee76ecf3e69623cc9249747609?s=96&d=mm&r=g","caption":"aylikdergisi"},"sameAs":["http:\/\/aylikdergisi.com"],"url":"https:\/\/www.aylikdergisi.com\/index.php\/author\/admin\/"}]}},"authors":[{"term_id":14,"user_id":1,"is_guest":0,"slug":"admin","display_name":"aylikdergisi","avatar_url":"https:\/\/secure.gravatar.com\/avatar\/72d88977e7edd63669015a131160b7255adb4b26ec9dfe844962f6640dc09e99?s=96&d=mm&r=g","author_category":"","user_url":"http:\/\/aylikdergisi.com","last_name":"","first_name":"","job_title":"","description":""}],"_links":{"self":[{"href":"https:\/\/www.aylikdergisi.com\/index.php\/wp-json\/wp\/v2\/posts\/756","targetHints":{"allow":["GET"]}}],"collection":[{"href":"https:\/\/www.aylikdergisi.com\/index.php\/wp-json\/wp\/v2\/posts"}],"about":[{"href":"https:\/\/www.aylikdergisi.com\/index.php\/wp-json\/wp\/v2\/types\/post"}],"author":[{"embeddable":true,"href":"https:\/\/www.aylikdergisi.com\/index.php\/wp-json\/wp\/v2\/users\/1"}],"replies":[{"embeddable":true,"href":"https:\/\/www.aylikdergisi.com\/index.php\/wp-json\/wp\/v2\/comments?post=756"}],"version-history":[{"count":1,"href":"https:\/\/www.aylikdergisi.com\/index.php\/wp-json\/wp\/v2\/posts\/756\/revisions"}],"predecessor-version":[{"id":759,"href":"https:\/\/www.aylikdergisi.com\/index.php\/wp-json\/wp\/v2\/posts\/756\/revisions\/759"}],"wp:featuredmedia":[{"embeddable":true,"href":"https:\/\/www.aylikdergisi.com\/index.php\/wp-json\/wp\/v2\/media\/757"}],"wp:attachment":[{"href":"https:\/\/www.aylikdergisi.com\/index.php\/wp-json\/wp\/v2\/media?parent=756"}],"wp:term":[{"taxonomy":"category","embeddable":true,"href":"https:\/\/www.aylikdergisi.com\/index.php\/wp-json\/wp\/v2\/categories?post=756"},{"taxonomy":"post_tag","embeddable":true,"href":"https:\/\/www.aylikdergisi.com\/index.php\/wp-json\/wp\/v2\/tags?post=756"},{"taxonomy":"author","embeddable":true,"href":"https:\/\/www.aylikdergisi.com\/index.php\/wp-json\/wp\/v2\/ppma_author?post=756"}],"curies":[{"name":"wp","href":"https:\/\/api.w.org\/{rel}","templated":true}]}}