{"id":738,"date":"2024-11-05T12:41:24","date_gmt":"2024-11-05T12:41:24","guid":{"rendered":"https:\/\/www.aylikdergisi.com\/?p=738"},"modified":"2025-02-19T12:44:03","modified_gmt":"2025-02-19T12:44:03","slug":"aylik-baranin-33-sayisi-batiya-tapan-kemalist-rejim-ruhumuzu-kemiren-bir-ilettir-mansetiyle-cikti","status":"publish","type":"post","link":"https:\/\/www.aylikdergisi.com\/index.php\/2024\/11\/05\/aylik-baranin-33-sayisi-batiya-tapan-kemalist-rejim-ruhumuzu-kemiren-bir-ilettir-mansetiyle-cikti\/","title":{"rendered":"Ayl\u0131k Baran&#8217;\u0131n 33. Say\u0131s\u0131 &#8220;Bat\u0131ya Tapan Kemalist Rejim Ruhumuzu Kemiren Bir \u0130lettir&#8221; Man\u015fetiyle \u00c7\u0131kt\u0131"},"content":{"rendered":"<p>Ayl\u0131k <em>Baran Dergisi<\/em>\u2019nin 33. say\u0131s\u0131 okuyucularla bulu\u015ftu. Bu say\u0131da, <strong>toplumsal de\u011ferlerin yozla\u015fmas\u0131 ve Bat\u0131c\u0131 Kemalist ideolojinin dayatmalar\u0131<\/strong> ele al\u0131narak, <strong>&#8220;Bat\u0131ya Tapan Kemalist Rejim Ruhumuzu Kemiren Bir \u0130lettir&#8221;<\/strong> man\u015fetiyle yay\u0131nland\u0131. Dergi, toplumun k\u00f6klerinden uzakla\u015ft\u0131r\u0131lmas\u0131, kimlik erozyonu ve bu durumun temel sebeplerine dair kapsaml\u0131 analizler sunuyor.<\/p>\n<p>Dergide, <strong>\u0130slam\u00ee de\u011ferlerin toplumun yeniden in\u015fas\u0131ndaki rol\u00fc<\/strong> vurgulan\u0131rken, <strong>Yahya Sinvar\u2019\u0131n \u015fehadeti<\/strong> \u00fczerinden <strong>direni\u015f ruhunun ve manevi sorumlulu\u011fun \u00f6nemi<\/strong> ele al\u0131n\u0131yor. Sinvar\u2019\u0131n m\u00fccadelesinin \u0130slam d\u00fcnyas\u0131na ilham veren bir \u00f6rnek oldu\u011fu belirtiliyor.<\/p>\n<h2><strong>Dergide neler var?<\/strong><\/h2>\n<p>&#8211;\u00a0\u00a0<strong>G\u00f6z\u00fc g\u00fcn\u00e2hta bir toplumdan g\u00f6z\u00fc sevapta bir topluma d\u00f6nmeliyiz<\/strong>\u00a0&#8211; K\u00e2z\u0131m Albay<\/p>\n<p>&#8211;\u00a0\u00a0<strong>Cinayet, intihar, h\u0131rs\u0131zl\u0131k, sapk\u0131nl\u0131k&#8230;<\/strong><\/p>\n<p>&#8211;\u00a0<strong>R\u00f6portaj<\/strong>\u00a0&#8211; Prof. Dr. Sami \u015eener<\/p>\n<p>&#8211;\u00a0\u00a0<strong>Surlarla dayanan hayvan h\u00fcrriyeti<\/strong>\u00a0&#8211; \u00d6mer Emre Akcebe<\/p>\n<p>&#8211;\u00a0\u00a0<strong>T\u00fcrkiye n\u00fckleer ile \u00e7evrilmi\u015f iken!..<\/strong>\u00a0&#8211; Handan \u00d6zduygu<\/p>\n<p>&#8211;\u00a0\u00a0<strong>Toplumsal \u00e7\u00fcr\u00fcme ve aranan \u0130slam nizam\u0131<\/strong>\u00a0&#8211; M. Taha \u0130nci<\/p>\n<p>&#8211;\u00a0\u00a0<strong>R\u00f6portaj<\/strong>\u00a0&#8211; Zuhal \u00d6zt\u00fcrk<\/p>\n<p>&#8211;\u00a0\u00a0<strong>Kemalist rejim g\u00fcnl\u00fc\u011f\u00fc<\/strong><\/p>\n<p>&#8211;\u00a0\u00a0<strong>R\u00f6portaj<\/strong>\u00a0&#8211; \u0130brahim Kaya<\/p>\n<p>&#8211;\u00a0\u00a0<strong>Netanyahu&#8217;nun abisini k\u0131z arkada\u015f\u0131m \u00f6ld\u00fcrd\u00fc<\/strong>\u00a0&#8211; \u00c7akal Carlos<\/p>\n<p>&#8211;\u00a0\u00a0<strong>\u00d6l\u00fcms\u00fczl\u00fck \u015fiiri<\/strong>\u00a0&#8211; Faruk Hano\u011flu<\/p>\n<p>&#8211;\u00a0\u00a0<strong>R\u00f6portaj<\/strong>\u00a0&#8211; Muhammed Takiya<\/p>\n<p>&#8211;\u00a0\u00a0<strong>Yahya Sinvar&#8217;\u0131n m\u00fccadelesi ve \u015fehadeti<\/strong><\/p>\n<p>&#8211;\u00a0\u00a0<strong>Diyalekti\u011fimiz ve esteti\u011fimiz \u00fczerine<\/strong>\u00a0&#8211; O\u011fuzhan M\u00fcft\u00fco\u011flu<\/p>\n<p>&#8211;\u00a0\u00a0<strong>R\u00f6portaj<\/strong>\u00a0&#8211; Zeynel Abidin Danal\u0131o\u011flu<\/p>\n<p>&#8211;\u00a0\u00a0<strong>Bilinmeyen \u015faheser yahut g\u00fczelin \u00e7\u0131ld\u0131rtan s\u0131rr\u0131<\/strong>\u00a0&#8211; Murat Akdemir<\/p>\n<p>&#8211;\u00a0\u00a0<strong>Oleg Grabar ve \u0130slam sanat\u0131 \u00e7al\u0131\u015fmalar\u0131n\u0131n in\u015fas\u0131 hakk\u0131nda tenkit ve m\u00fclahazalar -I-<\/strong>\u00a0Hasan H\u00fcseyin Akda\u011f<\/p>\n<p>\ud83d\udccc <em>Baran Dergisi\u2019nin 33. say\u0131s\u0131na <a href=\"https:\/\/www.aylikbaran.com\/product-page\/ayl%C4%B1k-baran-dergisi-33-say%C4%B1-%C3%A7%C4%B1kt%C4%B1\">buradan<\/a> ula\u015fabilirsiniz.<\/em><\/p>\n<p><img loading=\"lazy\" decoding=\"async\" class=\"alignnone wp-image-740\" src=\"https:\/\/www.aylikdergisi.com\/wp-content\/uploads\/2025\/02\/aylikbaran-33-sayi-211x300.webp\" alt=\"\" width=\"890\" height=\"1264\" srcset=\"https:\/\/www.aylikdergisi.com\/wp-content\/uploads\/2025\/02\/aylikbaran-33-sayi-211x300.webp 211w, https:\/\/www.aylikdergisi.com\/wp-content\/uploads\/2025\/02\/aylikbaran-33-sayi-721x1024.webp 721w, https:\/\/www.aylikdergisi.com\/wp-content\/uploads\/2025\/02\/aylikbaran-33-sayi-768x1091.webp 768w, https:\/\/www.aylikdergisi.com\/wp-content\/uploads\/2025\/02\/aylikbaran-33-sayi-1081x1536.webp 1081w, https:\/\/www.aylikdergisi.com\/wp-content\/uploads\/2025\/02\/aylikbaran-33-sayi-1442x2048.webp 1442w, https:\/\/www.aylikdergisi.com\/wp-content\/uploads\/2025\/02\/aylikbaran-33-sayi.webp 1740w\" sizes=\"auto, (max-width: 890px) 100vw, 890px\" \/><\/p>\n","protected":false},"excerpt":{"rendered":"<p>Ayl\u0131k Baran Dergisi\u2019nin 33. say\u0131s\u0131 okuyucularla bulu\u015ftu. Bu say\u0131da, toplumsal de\u011ferlerin yozla\u015fmas\u0131 ve Bat\u0131c\u0131 Kemalist ideolojinin dayatmalar\u0131 ele al\u0131narak, &#8220;Bat\u0131ya Tapan Kemalist Rejim Ruhumuzu Kemiren Bir \u0130lettir&#8221; man\u015fetiyle yay\u0131nland\u0131. Dergi,&hellip;<\/p>\n","protected":false},"author":1,"featured_media":739,"comment_status":"open","ping_status":"open","sticky":false,"template":"","format":"standard","meta":{"footnotes":""},"categories":[33],"tags":[],"ppma_author":[14],"class_list":["post-738","post","type-post","status-publish","format-standard","has-post-thumbnail","hentry","category-aylik-baran","author-admin"],"yoast_head":"<!-- This site is optimized with the Yoast SEO plugin v26.8 - https:\/\/yoast.com\/product\/yoast-seo-wordpress\/ -->\n<title>Ayl\u0131k Baran&#039;\u0131n 33. Say\u0131s\u0131 &quot;Bat\u0131ya Tapan Kemalist Rejim Ruhumuzu Kemiren Bir \u0130lettir&quot; Man\u015fetiyle \u00c7\u0131kt\u0131 - Ayl\u0131k Dergisi<\/title>\n<meta name=\"robots\" content=\"index, follow, max-snippet:-1, max-image-preview:large, max-video-preview:-1\" \/>\n<link rel=\"canonical\" href=\"https:\/\/www.aylikdergisi.com\/index.php\/2024\/11\/05\/aylik-baranin-33-sayisi-batiya-tapan-kemalist-rejim-ruhumuzu-kemiren-bir-ilettir-mansetiyle-cikti\/\" \/>\n<meta property=\"og:locale\" content=\"tr_TR\" \/>\n<meta property=\"og:type\" content=\"article\" \/>\n<meta property=\"og:title\" content=\"Ayl\u0131k Baran&#039;\u0131n 33. Say\u0131s\u0131 &quot;Bat\u0131ya Tapan Kemalist Rejim Ruhumuzu Kemiren Bir \u0130lettir&quot; Man\u015fetiyle \u00c7\u0131kt\u0131 - Ayl\u0131k Dergisi\" \/>\n<meta property=\"og:description\" content=\"Ayl\u0131k Baran Dergisi\u2019nin 33. say\u0131s\u0131 okuyucularla bulu\u015ftu. Bu say\u0131da, toplumsal de\u011ferlerin yozla\u015fmas\u0131 ve Bat\u0131c\u0131 Kemalist ideolojinin dayatmalar\u0131 ele al\u0131narak, &#8220;Bat\u0131ya Tapan Kemalist Rejim Ruhumuzu Kemiren Bir \u0130lettir&#8221; man\u015fetiyle yay\u0131nland\u0131. Dergi,&hellip;\" \/>\n<meta property=\"og:url\" content=\"https:\/\/www.aylikdergisi.com\/index.php\/2024\/11\/05\/aylik-baranin-33-sayisi-batiya-tapan-kemalist-rejim-ruhumuzu-kemiren-bir-ilettir-mansetiyle-cikti\/\" \/>\n<meta property=\"og:site_name\" content=\"Ayl\u0131k Dergisi\" \/>\n<meta property=\"article:publisher\" content=\"https:\/\/www.facebook.com\/AylikBaranDergisi\" \/>\n<meta property=\"article:published_time\" content=\"2024-11-05T12:41:24+00:00\" \/>\n<meta property=\"article:modified_time\" content=\"2025-02-19T12:44:03+00:00\" \/>\n<meta property=\"og:image\" content=\"https:\/\/www.aylikdergisi.com\/wp-content\/uploads\/2025\/02\/aylik-dergisi-baran-copy33-sayi.webp\" \/>\n\t<meta property=\"og:image:width\" content=\"1220\" \/>\n\t<meta property=\"og:image:height\" content=\"680\" \/>\n\t<meta property=\"og:image:type\" content=\"image\/webp\" \/>\n<meta name=\"author\" content=\"aylikdergisi\" \/>\n<meta name=\"twitter:card\" content=\"summary_large_image\" \/>\n<meta name=\"twitter:creator\" content=\"@Aylik_Dergisi\" \/>\n<meta name=\"twitter:site\" content=\"@Aylik_Dergisi\" \/>\n<meta name=\"twitter:label1\" content=\"Yazan:\" \/>\n\t<meta name=\"twitter:data1\" content=\"aylikdergisi\" \/>\n\t<meta name=\"twitter:label2\" content=\"Tahmini okuma s\u00fcresi\" \/>\n\t<meta name=\"twitter:data2\" content=\"2 dakika\" \/>\n<script type=\"application\/ld+json\" class=\"yoast-schema-graph\">{\"@context\":\"https:\/\/schema.org\",\"@graph\":[{\"@type\":\"Article\",\"@id\":\"https:\/\/www.aylikdergisi.com\/index.php\/2024\/11\/05\/aylik-baranin-33-sayisi-batiya-tapan-kemalist-rejim-ruhumuzu-kemiren-bir-ilettir-mansetiyle-cikti\/#article\",\"isPartOf\":{\"@id\":\"https:\/\/www.aylikdergisi.com\/index.php\/2024\/11\/05\/aylik-baranin-33-sayisi-batiya-tapan-kemalist-rejim-ruhumuzu-kemiren-bir-ilettir-mansetiyle-cikti\/\"},\"author\":{\"name\":\"aylikdergisi\",\"@id\":\"https:\/\/www.aylikdergisi.com\/#\/schema\/person\/f6f24c4fc82f2469847571852b8c65fd\"},\"headline\":\"Ayl\u0131k Baran&#8217;\u0131n 33. Say\u0131s\u0131 &#8220;Bat\u0131ya Tapan Kemalist Rejim Ruhumuzu Kemiren Bir \u0130lettir&#8221; Man\u015fetiyle \u00c7\u0131kt\u0131\",\"datePublished\":\"2024-11-05T12:41:24+00:00\",\"dateModified\":\"2025-02-19T12:44:03+00:00\",\"mainEntityOfPage\":{\"@id\":\"https:\/\/www.aylikdergisi.com\/index.php\/2024\/11\/05\/aylik-baranin-33-sayisi-batiya-tapan-kemalist-rejim-ruhumuzu-kemiren-bir-ilettir-mansetiyle-cikti\/\"},\"wordCount\":316,\"commentCount\":0,\"publisher\":{\"@id\":\"https:\/\/www.aylikdergisi.com\/#organization\"},\"image\":{\"@id\":\"https:\/\/www.aylikdergisi.com\/index.php\/2024\/11\/05\/aylik-baranin-33-sayisi-batiya-tapan-kemalist-rejim-ruhumuzu-kemiren-bir-ilettir-mansetiyle-cikti\/#primaryimage\"},\"thumbnailUrl\":\"https:\/\/www.aylikdergisi.com\/wp-content\/uploads\/2025\/02\/aylik-dergisi-baran-copy33-sayi.webp\",\"articleSection\":[\"Ayl\u0131k Baran\"],\"inLanguage\":\"tr\",\"potentialAction\":[{\"@type\":\"CommentAction\",\"name\":\"Comment\",\"target\":[\"https:\/\/www.aylikdergisi.com\/index.php\/2024\/11\/05\/aylik-baranin-33-sayisi-batiya-tapan-kemalist-rejim-ruhumuzu-kemiren-bir-ilettir-mansetiyle-cikti\/#respond\"]}]},{\"@type\":\"WebPage\",\"@id\":\"https:\/\/www.aylikdergisi.com\/index.php\/2024\/11\/05\/aylik-baranin-33-sayisi-batiya-tapan-kemalist-rejim-ruhumuzu-kemiren-bir-ilettir-mansetiyle-cikti\/\",\"url\":\"https:\/\/www.aylikdergisi.com\/index.php\/2024\/11\/05\/aylik-baranin-33-sayisi-batiya-tapan-kemalist-rejim-ruhumuzu-kemiren-bir-ilettir-mansetiyle-cikti\/\",\"name\":\"Ayl\u0131k Baran'\u0131n 33. Say\u0131s\u0131 \\\"Bat\u0131ya Tapan Kemalist Rejim Ruhumuzu Kemiren Bir \u0130lettir\\\" Man\u015fetiyle \u00c7\u0131kt\u0131 - Ayl\u0131k Dergisi\",\"isPartOf\":{\"@id\":\"https:\/\/www.aylikdergisi.com\/#website\"},\"primaryImageOfPage\":{\"@id\":\"https:\/\/www.aylikdergisi.com\/index.php\/2024\/11\/05\/aylik-baranin-33-sayisi-batiya-tapan-kemalist-rejim-ruhumuzu-kemiren-bir-ilettir-mansetiyle-cikti\/#primaryimage\"},\"image\":{\"@id\":\"https:\/\/www.aylikdergisi.com\/index.php\/2024\/11\/05\/aylik-baranin-33-sayisi-batiya-tapan-kemalist-rejim-ruhumuzu-kemiren-bir-ilettir-mansetiyle-cikti\/#primaryimage\"},\"thumbnailUrl\":\"https:\/\/www.aylikdergisi.com\/wp-content\/uploads\/2025\/02\/aylik-dergisi-baran-copy33-sayi.webp\",\"datePublished\":\"2024-11-05T12:41:24+00:00\",\"dateModified\":\"2025-02-19T12:44:03+00:00\",\"breadcrumb\":{\"@id\":\"https:\/\/www.aylikdergisi.com\/index.php\/2024\/11\/05\/aylik-baranin-33-sayisi-batiya-tapan-kemalist-rejim-ruhumuzu-kemiren-bir-ilettir-mansetiyle-cikti\/#breadcrumb\"},\"inLanguage\":\"tr\",\"potentialAction\":[{\"@type\":\"ReadAction\",\"target\":[\"https:\/\/www.aylikdergisi.com\/index.php\/2024\/11\/05\/aylik-baranin-33-sayisi-batiya-tapan-kemalist-rejim-ruhumuzu-kemiren-bir-ilettir-mansetiyle-cikti\/\"]}]},{\"@type\":\"ImageObject\",\"inLanguage\":\"tr\",\"@id\":\"https:\/\/www.aylikdergisi.com\/index.php\/2024\/11\/05\/aylik-baranin-33-sayisi-batiya-tapan-kemalist-rejim-ruhumuzu-kemiren-bir-ilettir-mansetiyle-cikti\/#primaryimage\",\"url\":\"https:\/\/www.aylikdergisi.com\/wp-content\/uploads\/2025\/02\/aylik-dergisi-baran-copy33-sayi.webp\",\"contentUrl\":\"https:\/\/www.aylikdergisi.com\/wp-content\/uploads\/2025\/02\/aylik-dergisi-baran-copy33-sayi.webp\",\"width\":1220,\"height\":680},{\"@type\":\"BreadcrumbList\",\"@id\":\"https:\/\/www.aylikdergisi.com\/index.php\/2024\/11\/05\/aylik-baranin-33-sayisi-batiya-tapan-kemalist-rejim-ruhumuzu-kemiren-bir-ilettir-mansetiyle-cikti\/#breadcrumb\",\"itemListElement\":[{\"@type\":\"ListItem\",\"position\":1,\"name\":\"Anasayfa\",\"item\":\"https:\/\/www.aylikdergisi.com\/\"},{\"@type\":\"ListItem\",\"position\":2,\"name\":\"Ayl\u0131k Baran&#8217;\u0131n 33. Say\u0131s\u0131 &#8220;Bat\u0131ya Tapan Kemalist Rejim Ruhumuzu Kemiren Bir \u0130lettir&#8221; Man\u015fetiyle \u00c7\u0131kt\u0131\"}]},{\"@type\":\"WebSite\",\"@id\":\"https:\/\/www.aylikdergisi.com\/#website\",\"url\":\"https:\/\/www.aylikdergisi.com\/\",\"name\":\"Ayl\u0131k Dergisi\",\"description\":\"Fikir, Siyaset, Toplum ve K&uuml;lt&uuml;r Sanat\",\"publisher\":{\"@id\":\"https:\/\/www.aylikdergisi.com\/#organization\"},\"potentialAction\":[{\"@type\":\"SearchAction\",\"target\":{\"@type\":\"EntryPoint\",\"urlTemplate\":\"https:\/\/www.aylikdergisi.com\/?s={search_term_string}\"},\"query-input\":{\"@type\":\"PropertyValueSpecification\",\"valueRequired\":true,\"valueName\":\"search_term_string\"}}],\"inLanguage\":\"tr\"},{\"@type\":\"Organization\",\"@id\":\"https:\/\/www.aylikdergisi.com\/#organization\",\"name\":\"Ayl\u0131k Dergisi\",\"url\":\"https:\/\/www.aylikdergisi.com\/\",\"logo\":{\"@type\":\"ImageObject\",\"inLanguage\":\"tr\",\"@id\":\"https:\/\/www.aylikdergisi.com\/#\/schema\/logo\/image\/\",\"url\":\"http:\/\/aylikdergisi.com\/wp-content\/uploads\/2023\/03\/cropped-aylik-dergisi-logo-taslak.png\",\"contentUrl\":\"http:\/\/aylikdergisi.com\/wp-content\/uploads\/2023\/03\/cropped-aylik-dergisi-logo-taslak.png\",\"width\":380,\"height\":287,\"caption\":\"Ayl\u0131k Dergisi\"},\"image\":{\"@id\":\"https:\/\/www.aylikdergisi.com\/#\/schema\/logo\/image\/\"},\"sameAs\":[\"https:\/\/www.facebook.com\/AylikBaranDergisi\",\"https:\/\/x.com\/Aylik_Dergisi\",\"https:\/\/www.instagram.com\/aylikbarandergisi\/\"]},{\"@type\":\"Person\",\"@id\":\"https:\/\/www.aylikdergisi.com\/#\/schema\/person\/f6f24c4fc82f2469847571852b8c65fd\",\"name\":\"aylikdergisi\",\"image\":{\"@type\":\"ImageObject\",\"inLanguage\":\"tr\",\"@id\":\"https:\/\/www.aylikdergisi.com\/#\/schema\/person\/image\/794c885c93221403cc418bbc3f8b6bb9\",\"url\":\"https:\/\/secure.gravatar.com\/avatar\/d913209259cea2fbc9e0fe2b58775b1e647df1ee76ecf3e69623cc9249747609?s=96&d=mm&r=g\",\"contentUrl\":\"https:\/\/secure.gravatar.com\/avatar\/d913209259cea2fbc9e0fe2b58775b1e647df1ee76ecf3e69623cc9249747609?s=96&d=mm&r=g\",\"caption\":\"aylikdergisi\"},\"sameAs\":[\"http:\/\/aylikdergisi.com\"],\"url\":\"https:\/\/www.aylikdergisi.com\/index.php\/author\/admin\/\"}]}<\/script>\n<!-- \/ Yoast SEO plugin. -->","yoast_head_json":{"title":"Ayl\u0131k Baran'\u0131n 33. Say\u0131s\u0131 \"Bat\u0131ya Tapan Kemalist Rejim Ruhumuzu Kemiren Bir \u0130lettir\" Man\u015fetiyle \u00c7\u0131kt\u0131 - Ayl\u0131k Dergisi","robots":{"index":"index","follow":"follow","max-snippet":"max-snippet:-1","max-image-preview":"max-image-preview:large","max-video-preview":"max-video-preview:-1"},"canonical":"https:\/\/www.aylikdergisi.com\/index.php\/2024\/11\/05\/aylik-baranin-33-sayisi-batiya-tapan-kemalist-rejim-ruhumuzu-kemiren-bir-ilettir-mansetiyle-cikti\/","og_locale":"tr_TR","og_type":"article","og_title":"Ayl\u0131k Baran'\u0131n 33. Say\u0131s\u0131 \"Bat\u0131ya Tapan Kemalist Rejim Ruhumuzu Kemiren Bir \u0130lettir\" Man\u015fetiyle \u00c7\u0131kt\u0131 - Ayl\u0131k Dergisi","og_description":"Ayl\u0131k Baran Dergisi\u2019nin 33. say\u0131s\u0131 okuyucularla bulu\u015ftu. Bu say\u0131da, toplumsal de\u011ferlerin yozla\u015fmas\u0131 ve Bat\u0131c\u0131 Kemalist ideolojinin dayatmalar\u0131 ele al\u0131narak, &#8220;Bat\u0131ya Tapan Kemalist Rejim Ruhumuzu Kemiren Bir \u0130lettir&#8221; man\u015fetiyle yay\u0131nland\u0131. Dergi,&hellip;","og_url":"https:\/\/www.aylikdergisi.com\/index.php\/2024\/11\/05\/aylik-baranin-33-sayisi-batiya-tapan-kemalist-rejim-ruhumuzu-kemiren-bir-ilettir-mansetiyle-cikti\/","og_site_name":"Ayl\u0131k Dergisi","article_publisher":"https:\/\/www.facebook.com\/AylikBaranDergisi","article_published_time":"2024-11-05T12:41:24+00:00","article_modified_time":"2025-02-19T12:44:03+00:00","og_image":[{"width":1220,"height":680,"url":"https:\/\/www.aylikdergisi.com\/wp-content\/uploads\/2025\/02\/aylik-dergisi-baran-copy33-sayi.webp","type":"image\/webp"}],"author":"aylikdergisi","twitter_card":"summary_large_image","twitter_creator":"@Aylik_Dergisi","twitter_site":"@Aylik_Dergisi","twitter_misc":{"Yazan:":"aylikdergisi","Tahmini okuma s\u00fcresi":"2 dakika"},"schema":{"@context":"https:\/\/schema.org","@graph":[{"@type":"Article","@id":"https:\/\/www.aylikdergisi.com\/index.php\/2024\/11\/05\/aylik-baranin-33-sayisi-batiya-tapan-kemalist-rejim-ruhumuzu-kemiren-bir-ilettir-mansetiyle-cikti\/#article","isPartOf":{"@id":"https:\/\/www.aylikdergisi.com\/index.php\/2024\/11\/05\/aylik-baranin-33-sayisi-batiya-tapan-kemalist-rejim-ruhumuzu-kemiren-bir-ilettir-mansetiyle-cikti\/"},"author":{"name":"aylikdergisi","@id":"https:\/\/www.aylikdergisi.com\/#\/schema\/person\/f6f24c4fc82f2469847571852b8c65fd"},"headline":"Ayl\u0131k Baran&#8217;\u0131n 33. Say\u0131s\u0131 &#8220;Bat\u0131ya Tapan Kemalist Rejim Ruhumuzu Kemiren Bir \u0130lettir&#8221; Man\u015fetiyle \u00c7\u0131kt\u0131","datePublished":"2024-11-05T12:41:24+00:00","dateModified":"2025-02-19T12:44:03+00:00","mainEntityOfPage":{"@id":"https:\/\/www.aylikdergisi.com\/index.php\/2024\/11\/05\/aylik-baranin-33-sayisi-batiya-tapan-kemalist-rejim-ruhumuzu-kemiren-bir-ilettir-mansetiyle-cikti\/"},"wordCount":316,"commentCount":0,"publisher":{"@id":"https:\/\/www.aylikdergisi.com\/#organization"},"image":{"@id":"https:\/\/www.aylikdergisi.com\/index.php\/2024\/11\/05\/aylik-baranin-33-sayisi-batiya-tapan-kemalist-rejim-ruhumuzu-kemiren-bir-ilettir-mansetiyle-cikti\/#primaryimage"},"thumbnailUrl":"https:\/\/www.aylikdergisi.com\/wp-content\/uploads\/2025\/02\/aylik-dergisi-baran-copy33-sayi.webp","articleSection":["Ayl\u0131k Baran"],"inLanguage":"tr","potentialAction":[{"@type":"CommentAction","name":"Comment","target":["https:\/\/www.aylikdergisi.com\/index.php\/2024\/11\/05\/aylik-baranin-33-sayisi-batiya-tapan-kemalist-rejim-ruhumuzu-kemiren-bir-ilettir-mansetiyle-cikti\/#respond"]}]},{"@type":"WebPage","@id":"https:\/\/www.aylikdergisi.com\/index.php\/2024\/11\/05\/aylik-baranin-33-sayisi-batiya-tapan-kemalist-rejim-ruhumuzu-kemiren-bir-ilettir-mansetiyle-cikti\/","url":"https:\/\/www.aylikdergisi.com\/index.php\/2024\/11\/05\/aylik-baranin-33-sayisi-batiya-tapan-kemalist-rejim-ruhumuzu-kemiren-bir-ilettir-mansetiyle-cikti\/","name":"Ayl\u0131k Baran'\u0131n 33. Say\u0131s\u0131 \"Bat\u0131ya Tapan Kemalist Rejim Ruhumuzu Kemiren Bir \u0130lettir\" Man\u015fetiyle \u00c7\u0131kt\u0131 - Ayl\u0131k Dergisi","isPartOf":{"@id":"https:\/\/www.aylikdergisi.com\/#website"},"primaryImageOfPage":{"@id":"https:\/\/www.aylikdergisi.com\/index.php\/2024\/11\/05\/aylik-baranin-33-sayisi-batiya-tapan-kemalist-rejim-ruhumuzu-kemiren-bir-ilettir-mansetiyle-cikti\/#primaryimage"},"image":{"@id":"https:\/\/www.aylikdergisi.com\/index.php\/2024\/11\/05\/aylik-baranin-33-sayisi-batiya-tapan-kemalist-rejim-ruhumuzu-kemiren-bir-ilettir-mansetiyle-cikti\/#primaryimage"},"thumbnailUrl":"https:\/\/www.aylikdergisi.com\/wp-content\/uploads\/2025\/02\/aylik-dergisi-baran-copy33-sayi.webp","datePublished":"2024-11-05T12:41:24+00:00","dateModified":"2025-02-19T12:44:03+00:00","breadcrumb":{"@id":"https:\/\/www.aylikdergisi.com\/index.php\/2024\/11\/05\/aylik-baranin-33-sayisi-batiya-tapan-kemalist-rejim-ruhumuzu-kemiren-bir-ilettir-mansetiyle-cikti\/#breadcrumb"},"inLanguage":"tr","potentialAction":[{"@type":"ReadAction","target":["https:\/\/www.aylikdergisi.com\/index.php\/2024\/11\/05\/aylik-baranin-33-sayisi-batiya-tapan-kemalist-rejim-ruhumuzu-kemiren-bir-ilettir-mansetiyle-cikti\/"]}]},{"@type":"ImageObject","inLanguage":"tr","@id":"https:\/\/www.aylikdergisi.com\/index.php\/2024\/11\/05\/aylik-baranin-33-sayisi-batiya-tapan-kemalist-rejim-ruhumuzu-kemiren-bir-ilettir-mansetiyle-cikti\/#primaryimage","url":"https:\/\/www.aylikdergisi.com\/wp-content\/uploads\/2025\/02\/aylik-dergisi-baran-copy33-sayi.webp","contentUrl":"https:\/\/www.aylikdergisi.com\/wp-content\/uploads\/2025\/02\/aylik-dergisi-baran-copy33-sayi.webp","width":1220,"height":680},{"@type":"BreadcrumbList","@id":"https:\/\/www.aylikdergisi.com\/index.php\/2024\/11\/05\/aylik-baranin-33-sayisi-batiya-tapan-kemalist-rejim-ruhumuzu-kemiren-bir-ilettir-mansetiyle-cikti\/#breadcrumb","itemListElement":[{"@type":"ListItem","position":1,"name":"Anasayfa","item":"https:\/\/www.aylikdergisi.com\/"},{"@type":"ListItem","position":2,"name":"Ayl\u0131k Baran&#8217;\u0131n 33. Say\u0131s\u0131 &#8220;Bat\u0131ya Tapan Kemalist Rejim Ruhumuzu Kemiren Bir \u0130lettir&#8221; Man\u015fetiyle \u00c7\u0131kt\u0131"}]},{"@type":"WebSite","@id":"https:\/\/www.aylikdergisi.com\/#website","url":"https:\/\/www.aylikdergisi.com\/","name":"Ayl\u0131k Dergisi","description":"Fikir, Siyaset, Toplum ve K&uuml;lt&uuml;r Sanat","publisher":{"@id":"https:\/\/www.aylikdergisi.com\/#organization"},"potentialAction":[{"@type":"SearchAction","target":{"@type":"EntryPoint","urlTemplate":"https:\/\/www.aylikdergisi.com\/?s={search_term_string}"},"query-input":{"@type":"PropertyValueSpecification","valueRequired":true,"valueName":"search_term_string"}}],"inLanguage":"tr"},{"@type":"Organization","@id":"https:\/\/www.aylikdergisi.com\/#organization","name":"Ayl\u0131k Dergisi","url":"https:\/\/www.aylikdergisi.com\/","logo":{"@type":"ImageObject","inLanguage":"tr","@id":"https:\/\/www.aylikdergisi.com\/#\/schema\/logo\/image\/","url":"http:\/\/aylikdergisi.com\/wp-content\/uploads\/2023\/03\/cropped-aylik-dergisi-logo-taslak.png","contentUrl":"http:\/\/aylikdergisi.com\/wp-content\/uploads\/2023\/03\/cropped-aylik-dergisi-logo-taslak.png","width":380,"height":287,"caption":"Ayl\u0131k Dergisi"},"image":{"@id":"https:\/\/www.aylikdergisi.com\/#\/schema\/logo\/image\/"},"sameAs":["https:\/\/www.facebook.com\/AylikBaranDergisi","https:\/\/x.com\/Aylik_Dergisi","https:\/\/www.instagram.com\/aylikbarandergisi\/"]},{"@type":"Person","@id":"https:\/\/www.aylikdergisi.com\/#\/schema\/person\/f6f24c4fc82f2469847571852b8c65fd","name":"aylikdergisi","image":{"@type":"ImageObject","inLanguage":"tr","@id":"https:\/\/www.aylikdergisi.com\/#\/schema\/person\/image\/794c885c93221403cc418bbc3f8b6bb9","url":"https:\/\/secure.gravatar.com\/avatar\/d913209259cea2fbc9e0fe2b58775b1e647df1ee76ecf3e69623cc9249747609?s=96&d=mm&r=g","contentUrl":"https:\/\/secure.gravatar.com\/avatar\/d913209259cea2fbc9e0fe2b58775b1e647df1ee76ecf3e69623cc9249747609?s=96&d=mm&r=g","caption":"aylikdergisi"},"sameAs":["http:\/\/aylikdergisi.com"],"url":"https:\/\/www.aylikdergisi.com\/index.php\/author\/admin\/"}]}},"authors":[{"term_id":14,"user_id":1,"is_guest":0,"slug":"admin","display_name":"aylikdergisi","avatar_url":"https:\/\/secure.gravatar.com\/avatar\/72d88977e7edd63669015a131160b7255adb4b26ec9dfe844962f6640dc09e99?s=96&d=mm&r=g","author_category":"","user_url":"http:\/\/aylikdergisi.com","last_name":"","first_name":"","job_title":"","description":""}],"_links":{"self":[{"href":"https:\/\/www.aylikdergisi.com\/index.php\/wp-json\/wp\/v2\/posts\/738","targetHints":{"allow":["GET"]}}],"collection":[{"href":"https:\/\/www.aylikdergisi.com\/index.php\/wp-json\/wp\/v2\/posts"}],"about":[{"href":"https:\/\/www.aylikdergisi.com\/index.php\/wp-json\/wp\/v2\/types\/post"}],"author":[{"embeddable":true,"href":"https:\/\/www.aylikdergisi.com\/index.php\/wp-json\/wp\/v2\/users\/1"}],"replies":[{"embeddable":true,"href":"https:\/\/www.aylikdergisi.com\/index.php\/wp-json\/wp\/v2\/comments?post=738"}],"version-history":[{"count":1,"href":"https:\/\/www.aylikdergisi.com\/index.php\/wp-json\/wp\/v2\/posts\/738\/revisions"}],"predecessor-version":[{"id":741,"href":"https:\/\/www.aylikdergisi.com\/index.php\/wp-json\/wp\/v2\/posts\/738\/revisions\/741"}],"wp:featuredmedia":[{"embeddable":true,"href":"https:\/\/www.aylikdergisi.com\/index.php\/wp-json\/wp\/v2\/media\/739"}],"wp:attachment":[{"href":"https:\/\/www.aylikdergisi.com\/index.php\/wp-json\/wp\/v2\/media?parent=738"}],"wp:term":[{"taxonomy":"category","embeddable":true,"href":"https:\/\/www.aylikdergisi.com\/index.php\/wp-json\/wp\/v2\/categories?post=738"},{"taxonomy":"post_tag","embeddable":true,"href":"https:\/\/www.aylikdergisi.com\/index.php\/wp-json\/wp\/v2\/tags?post=738"},{"taxonomy":"author","embeddable":true,"href":"https:\/\/www.aylikdergisi.com\/index.php\/wp-json\/wp\/v2\/ppma_author?post=738"}],"curies":[{"name":"wp","href":"https:\/\/api.w.org\/{rel}","templated":true}]}}