{"id":728,"date":"2024-10-04T12:28:49","date_gmt":"2024-10-04T12:28:49","guid":{"rendered":"https:\/\/www.aylikdergisi.com\/?p=728"},"modified":"2025-02-19T12:32:51","modified_gmt":"2025-02-19T12:32:51","slug":"aylik-baran-ortadoguyu-ortadogu-edecek-olan-anadolu-merkezli-bir-fikirdir-mansetiyle-cikti","status":"publish","type":"post","link":"https:\/\/www.aylikdergisi.com\/index.php\/2024\/10\/04\/aylik-baran-ortadoguyu-ortadogu-edecek-olan-anadolu-merkezli-bir-fikirdir-mansetiyle-cikti\/","title":{"rendered":"Ayl\u0131k Baran &#8220;Ortado\u011fu\u2019yu Ortado\u011fu edecek olan Anadolu merkezli bir fikirdir&#8221; man\u015fetiyle \u00e7\u0131kt\u0131"},"content":{"rendered":"<p>Ayl\u0131k <em>Baran Dergisi<\/em>\u2019nin 32. say\u0131s\u0131 yay\u0131mland\u0131. Bu say\u0131da, <strong>Aksa Tufan\u0131 Operasyonu\u2019nun birinci y\u0131l d\u00f6n\u00fcm\u00fc<\/strong> ele al\u0131narak, b\u00f6lgedeki siyasi, askeri ve insani geli\u015fmeler detayl\u0131 bir \u015fekilde incelendi. Derginin kapa\u011f\u0131nda <strong>Salih Mirzabeyo\u011flu\u2019nun \u201cOrtado\u011fu\u2019yu Ortado\u011fu edecek olan Anadolu merkezli bir fikirdir\u201d<\/strong> s\u00f6z\u00fc \u00f6ne \u00e7\u0131karken, T\u00fcrkiye\u2019nin b\u00f6lgedeki tarih\u00ee misyonuna vurgu yap\u0131ld\u0131.<\/p>\n<p>Dergide, Gazze\u2019deki direni\u015fin uluslararas\u0131 yank\u0131lar\u0131, \u0130srail-Filistin denkleminde ya\u015fanan de\u011fi\u015fimler ve bu operasyonun b\u00f6lgeye etkileri kapsaml\u0131 analizlerle ele al\u0131n\u0131yor. Aksa Tufan\u0131\u2019n\u0131n \u015fehitleri ve gazileri an\u0131larak, Filistin halk\u0131n\u0131n m\u00fccadelesine destek mesaj\u0131 veriliyor.<\/p>\n<h2><strong>Dergide neler var?<\/strong><\/h2>\n<p>\u00b7\u00a0 \u00d6mer Emre Akcebe &#8211; Gazze Vesilesiyle Cumhurba\u015fkan\u0131 Erdo\u011fan ile Hasbihal<\/p>\n<p>\u00b7\u00a0 R\u00f6portaj: Cemal Toptanc\u0131<\/p>\n<p>\u00b7\u00a0 Necip Faz\u0131l K\u0131sak\u00fcrek &#8211; Yahudi\u2019yi Yenmek<\/p>\n<p>\u00b7\u00a0 M\u00fcsl\u00fcman Anadolu&#8217;da Ge\u00e7en Ay<\/p>\n<p>\u00b7\u00a0 Cephe Faaliyetleri<\/p>\n<p>\u00b7\u00a0 R\u00f6portaj: Alparslan Aydar<\/p>\n<p>\u00b7\u00a0 Ekim \u015eehitlerimiz<\/p>\n<p>\u00b7\u00a0 R\u00f6portaj: Osman Atalay<\/p>\n<p>\u00b7\u00a0 R\u00f6portaj: Ay\u00e7in Kanto\u011flu<\/p>\n<p>\u00b7\u00a0 R\u00f6portaj: Murat \u00d6zer<\/p>\n<p>\u00b7\u00a0 Aksa Tufan\u0131&#8217;n\u0131n Sene-i Devriyesi<\/p>\n<p>\u00b7\u00a0 R\u00f6portaj: Tahsin G\u00f6rg\u00fcn<\/p>\n<p>\u00b7\u00a0 Ma\u015feri Vicdan<\/p>\n<p>\u00b7\u00a0 R\u00f6portaj: Mehmet Ali Bayram<\/p>\n<p>\u00b7\u00a0 Handan \u00d6zduygu &#8211; Ge\u00e7mi\u015fe Seyahat<\/p>\n<p>\u00b7\u00a0 R\u00f6portaj: Fehim Arvasi (\u00dc\u00e7\u0131\u015f\u0131k)<\/p>\n<p>\u00b7\u00a0 Hasan H\u00fcseyin Akda\u011f &#8211; Vitruvius&#8217;un \u00dc\u00e7 Prensibi ve Turgut Cansever<\/p>\n<p>\u00b7\u00a0 Bahattin Ye\u015filo\u011flu &#8211; Notlar\u0131m -V-<\/p>\n<p>\u00b7\u00a0 Kitap K\u00f6\u015fesi<\/p>\n<p>\ud83d\udccc <em>Baran Dergisi\u2019nin 32. say\u0131s\u0131n\u0131 <a href=\"https:\/\/www.aylikbaran.com\/product-page\/ayl%C4%B1k-baran-dergisi-32-say%C4%B1-%C3%A7%C4%B1kt%C4%B1\">buradan<\/a> temin edebilirsiniz.<\/em><\/p>\n<p><img loading=\"lazy\" decoding=\"async\" class=\"alignnone wp-image-730\" src=\"https:\/\/www.aylikdergisi.com\/wp-content\/uploads\/2025\/02\/aylik-baran-dergisi-32-sayi-212x300.webp\" alt=\"\" width=\"978\" height=\"1386\" srcset=\"https:\/\/www.aylikdergisi.com\/wp-content\/uploads\/2025\/02\/aylik-baran-dergisi-32-sayi-212x300.webp 212w, https:\/\/www.aylikdergisi.com\/wp-content\/uploads\/2025\/02\/aylik-baran-dergisi-32-sayi-723x1024.webp 723w, https:\/\/www.aylikdergisi.com\/wp-content\/uploads\/2025\/02\/aylik-baran-dergisi-32-sayi-768x1088.webp 768w, https:\/\/www.aylikdergisi.com\/wp-content\/uploads\/2025\/02\/aylik-baran-dergisi-32-sayi-1084x1536.webp 1084w, https:\/\/www.aylikdergisi.com\/wp-content\/uploads\/2025\/02\/aylik-baran-dergisi-32-sayi-1446x2048.webp 1446w, https:\/\/www.aylikdergisi.com\/wp-content\/uploads\/2025\/02\/aylik-baran-dergisi-32-sayi-scaled.webp 1807w\" sizes=\"auto, (max-width: 978px) 100vw, 978px\" \/><\/p>\n","protected":false},"excerpt":{"rendered":"<p>Ayl\u0131k Baran Dergisi\u2019nin 32. say\u0131s\u0131 yay\u0131mland\u0131. Bu say\u0131da, Aksa Tufan\u0131 Operasyonu\u2019nun birinci y\u0131l d\u00f6n\u00fcm\u00fc ele al\u0131narak, b\u00f6lgedeki siyasi, askeri ve insani geli\u015fmeler detayl\u0131 bir \u015fekilde incelendi. Derginin kapa\u011f\u0131nda Salih Mirzabeyo\u011flu\u2019nun&hellip;<\/p>\n","protected":false},"author":1,"featured_media":729,"comment_status":"open","ping_status":"open","sticky":false,"template":"","format":"standard","meta":{"footnotes":""},"categories":[33],"tags":[],"ppma_author":[14],"class_list":["post-728","post","type-post","status-publish","format-standard","has-post-thumbnail","hentry","category-aylik-baran","author-admin"],"yoast_head":"<!-- This site is optimized with the Yoast SEO plugin v26.8 - https:\/\/yoast.com\/product\/yoast-seo-wordpress\/ -->\n<title>Ayl\u0131k Baran &quot;Ortado\u011fu\u2019yu Ortado\u011fu edecek olan Anadolu merkezli bir fikirdir&quot; man\u015fetiyle \u00e7\u0131kt\u0131 - Ayl\u0131k Dergisi<\/title>\n<meta name=\"robots\" content=\"index, follow, max-snippet:-1, max-image-preview:large, max-video-preview:-1\" \/>\n<link rel=\"canonical\" href=\"https:\/\/www.aylikdergisi.com\/index.php\/2024\/10\/04\/aylik-baran-ortadoguyu-ortadogu-edecek-olan-anadolu-merkezli-bir-fikirdir-mansetiyle-cikti\/\" \/>\n<meta property=\"og:locale\" content=\"tr_TR\" \/>\n<meta property=\"og:type\" content=\"article\" \/>\n<meta property=\"og:title\" content=\"Ayl\u0131k Baran &quot;Ortado\u011fu\u2019yu Ortado\u011fu edecek olan Anadolu merkezli bir fikirdir&quot; man\u015fetiyle \u00e7\u0131kt\u0131 - Ayl\u0131k Dergisi\" \/>\n<meta property=\"og:description\" content=\"Ayl\u0131k Baran Dergisi\u2019nin 32. say\u0131s\u0131 yay\u0131mland\u0131. Bu say\u0131da, Aksa Tufan\u0131 Operasyonu\u2019nun birinci y\u0131l d\u00f6n\u00fcm\u00fc ele al\u0131narak, b\u00f6lgedeki siyasi, askeri ve insani geli\u015fmeler detayl\u0131 bir \u015fekilde incelendi. Derginin kapa\u011f\u0131nda Salih Mirzabeyo\u011flu\u2019nun&hellip;\" \/>\n<meta property=\"og:url\" content=\"https:\/\/www.aylikdergisi.com\/index.php\/2024\/10\/04\/aylik-baran-ortadoguyu-ortadogu-edecek-olan-anadolu-merkezli-bir-fikirdir-mansetiyle-cikti\/\" \/>\n<meta property=\"og:site_name\" content=\"Ayl\u0131k Dergisi\" \/>\n<meta property=\"article:publisher\" content=\"https:\/\/www.facebook.com\/AylikBaranDergisi\" \/>\n<meta property=\"article:published_time\" content=\"2024-10-04T12:28:49+00:00\" \/>\n<meta property=\"article:modified_time\" content=\"2025-02-19T12:32:51+00:00\" \/>\n<meta property=\"og:image\" content=\"https:\/\/www.aylikdergisi.com\/wp-content\/uploads\/2025\/02\/aylik-baran-32-d.webp\" \/>\n\t<meta property=\"og:image:width\" content=\"1220\" \/>\n\t<meta property=\"og:image:height\" content=\"680\" \/>\n\t<meta property=\"og:image:type\" content=\"image\/webp\" \/>\n<meta name=\"author\" content=\"aylikdergisi\" \/>\n<meta name=\"twitter:card\" content=\"summary_large_image\" \/>\n<meta name=\"twitter:creator\" content=\"@Aylik_Dergisi\" \/>\n<meta name=\"twitter:site\" content=\"@Aylik_Dergisi\" \/>\n<meta name=\"twitter:label1\" content=\"Yazan:\" \/>\n\t<meta name=\"twitter:data1\" content=\"aylikdergisi\" \/>\n\t<meta name=\"twitter:label2\" content=\"Tahmini okuma s\u00fcresi\" \/>\n\t<meta name=\"twitter:data2\" content=\"2 dakika\" \/>\n<script type=\"application\/ld+json\" class=\"yoast-schema-graph\">{\"@context\":\"https:\/\/schema.org\",\"@graph\":[{\"@type\":\"Article\",\"@id\":\"https:\/\/www.aylikdergisi.com\/index.php\/2024\/10\/04\/aylik-baran-ortadoguyu-ortadogu-edecek-olan-anadolu-merkezli-bir-fikirdir-mansetiyle-cikti\/#article\",\"isPartOf\":{\"@id\":\"https:\/\/www.aylikdergisi.com\/index.php\/2024\/10\/04\/aylik-baran-ortadoguyu-ortadogu-edecek-olan-anadolu-merkezli-bir-fikirdir-mansetiyle-cikti\/\"},\"author\":{\"name\":\"aylikdergisi\",\"@id\":\"https:\/\/www.aylikdergisi.com\/#\/schema\/person\/f6f24c4fc82f2469847571852b8c65fd\"},\"headline\":\"Ayl\u0131k Baran &#8220;Ortado\u011fu\u2019yu Ortado\u011fu edecek olan Anadolu merkezli bir fikirdir&#8221; man\u015fetiyle \u00e7\u0131kt\u0131\",\"datePublished\":\"2024-10-04T12:28:49+00:00\",\"dateModified\":\"2025-02-19T12:32:51+00:00\",\"mainEntityOfPage\":{\"@id\":\"https:\/\/www.aylikdergisi.com\/index.php\/2024\/10\/04\/aylik-baran-ortadoguyu-ortadogu-edecek-olan-anadolu-merkezli-bir-fikirdir-mansetiyle-cikti\/\"},\"wordCount\":251,\"commentCount\":0,\"publisher\":{\"@id\":\"https:\/\/www.aylikdergisi.com\/#organization\"},\"image\":{\"@id\":\"https:\/\/www.aylikdergisi.com\/index.php\/2024\/10\/04\/aylik-baran-ortadoguyu-ortadogu-edecek-olan-anadolu-merkezli-bir-fikirdir-mansetiyle-cikti\/#primaryimage\"},\"thumbnailUrl\":\"https:\/\/www.aylikdergisi.com\/wp-content\/uploads\/2025\/02\/aylik-baran-32-d.webp\",\"articleSection\":[\"Ayl\u0131k Baran\"],\"inLanguage\":\"tr\",\"potentialAction\":[{\"@type\":\"CommentAction\",\"name\":\"Comment\",\"target\":[\"https:\/\/www.aylikdergisi.com\/index.php\/2024\/10\/04\/aylik-baran-ortadoguyu-ortadogu-edecek-olan-anadolu-merkezli-bir-fikirdir-mansetiyle-cikti\/#respond\"]}]},{\"@type\":\"WebPage\",\"@id\":\"https:\/\/www.aylikdergisi.com\/index.php\/2024\/10\/04\/aylik-baran-ortadoguyu-ortadogu-edecek-olan-anadolu-merkezli-bir-fikirdir-mansetiyle-cikti\/\",\"url\":\"https:\/\/www.aylikdergisi.com\/index.php\/2024\/10\/04\/aylik-baran-ortadoguyu-ortadogu-edecek-olan-anadolu-merkezli-bir-fikirdir-mansetiyle-cikti\/\",\"name\":\"Ayl\u0131k Baran \\\"Ortado\u011fu\u2019yu Ortado\u011fu edecek olan Anadolu merkezli bir fikirdir\\\" man\u015fetiyle \u00e7\u0131kt\u0131 - Ayl\u0131k Dergisi\",\"isPartOf\":{\"@id\":\"https:\/\/www.aylikdergisi.com\/#website\"},\"primaryImageOfPage\":{\"@id\":\"https:\/\/www.aylikdergisi.com\/index.php\/2024\/10\/04\/aylik-baran-ortadoguyu-ortadogu-edecek-olan-anadolu-merkezli-bir-fikirdir-mansetiyle-cikti\/#primaryimage\"},\"image\":{\"@id\":\"https:\/\/www.aylikdergisi.com\/index.php\/2024\/10\/04\/aylik-baran-ortadoguyu-ortadogu-edecek-olan-anadolu-merkezli-bir-fikirdir-mansetiyle-cikti\/#primaryimage\"},\"thumbnailUrl\":\"https:\/\/www.aylikdergisi.com\/wp-content\/uploads\/2025\/02\/aylik-baran-32-d.webp\",\"datePublished\":\"2024-10-04T12:28:49+00:00\",\"dateModified\":\"2025-02-19T12:32:51+00:00\",\"breadcrumb\":{\"@id\":\"https:\/\/www.aylikdergisi.com\/index.php\/2024\/10\/04\/aylik-baran-ortadoguyu-ortadogu-edecek-olan-anadolu-merkezli-bir-fikirdir-mansetiyle-cikti\/#breadcrumb\"},\"inLanguage\":\"tr\",\"potentialAction\":[{\"@type\":\"ReadAction\",\"target\":[\"https:\/\/www.aylikdergisi.com\/index.php\/2024\/10\/04\/aylik-baran-ortadoguyu-ortadogu-edecek-olan-anadolu-merkezli-bir-fikirdir-mansetiyle-cikti\/\"]}]},{\"@type\":\"ImageObject\",\"inLanguage\":\"tr\",\"@id\":\"https:\/\/www.aylikdergisi.com\/index.php\/2024\/10\/04\/aylik-baran-ortadoguyu-ortadogu-edecek-olan-anadolu-merkezli-bir-fikirdir-mansetiyle-cikti\/#primaryimage\",\"url\":\"https:\/\/www.aylikdergisi.com\/wp-content\/uploads\/2025\/02\/aylik-baran-32-d.webp\",\"contentUrl\":\"https:\/\/www.aylikdergisi.com\/wp-content\/uploads\/2025\/02\/aylik-baran-32-d.webp\",\"width\":1220,\"height\":680},{\"@type\":\"BreadcrumbList\",\"@id\":\"https:\/\/www.aylikdergisi.com\/index.php\/2024\/10\/04\/aylik-baran-ortadoguyu-ortadogu-edecek-olan-anadolu-merkezli-bir-fikirdir-mansetiyle-cikti\/#breadcrumb\",\"itemListElement\":[{\"@type\":\"ListItem\",\"position\":1,\"name\":\"Anasayfa\",\"item\":\"https:\/\/www.aylikdergisi.com\/\"},{\"@type\":\"ListItem\",\"position\":2,\"name\":\"Ayl\u0131k Baran &#8220;Ortado\u011fu\u2019yu Ortado\u011fu edecek olan Anadolu merkezli bir fikirdir&#8221; man\u015fetiyle \u00e7\u0131kt\u0131\"}]},{\"@type\":\"WebSite\",\"@id\":\"https:\/\/www.aylikdergisi.com\/#website\",\"url\":\"https:\/\/www.aylikdergisi.com\/\",\"name\":\"Ayl\u0131k Dergisi\",\"description\":\"Fikir, Siyaset, Toplum ve K&uuml;lt&uuml;r Sanat\",\"publisher\":{\"@id\":\"https:\/\/www.aylikdergisi.com\/#organization\"},\"potentialAction\":[{\"@type\":\"SearchAction\",\"target\":{\"@type\":\"EntryPoint\",\"urlTemplate\":\"https:\/\/www.aylikdergisi.com\/?s={search_term_string}\"},\"query-input\":{\"@type\":\"PropertyValueSpecification\",\"valueRequired\":true,\"valueName\":\"search_term_string\"}}],\"inLanguage\":\"tr\"},{\"@type\":\"Organization\",\"@id\":\"https:\/\/www.aylikdergisi.com\/#organization\",\"name\":\"Ayl\u0131k Dergisi\",\"url\":\"https:\/\/www.aylikdergisi.com\/\",\"logo\":{\"@type\":\"ImageObject\",\"inLanguage\":\"tr\",\"@id\":\"https:\/\/www.aylikdergisi.com\/#\/schema\/logo\/image\/\",\"url\":\"http:\/\/aylikdergisi.com\/wp-content\/uploads\/2023\/03\/cropped-aylik-dergisi-logo-taslak.png\",\"contentUrl\":\"http:\/\/aylikdergisi.com\/wp-content\/uploads\/2023\/03\/cropped-aylik-dergisi-logo-taslak.png\",\"width\":380,\"height\":287,\"caption\":\"Ayl\u0131k Dergisi\"},\"image\":{\"@id\":\"https:\/\/www.aylikdergisi.com\/#\/schema\/logo\/image\/\"},\"sameAs\":[\"https:\/\/www.facebook.com\/AylikBaranDergisi\",\"https:\/\/x.com\/Aylik_Dergisi\",\"https:\/\/www.instagram.com\/aylikbarandergisi\/\"]},{\"@type\":\"Person\",\"@id\":\"https:\/\/www.aylikdergisi.com\/#\/schema\/person\/f6f24c4fc82f2469847571852b8c65fd\",\"name\":\"aylikdergisi\",\"image\":{\"@type\":\"ImageObject\",\"inLanguage\":\"tr\",\"@id\":\"https:\/\/www.aylikdergisi.com\/#\/schema\/person\/image\/794c885c93221403cc418bbc3f8b6bb9\",\"url\":\"https:\/\/secure.gravatar.com\/avatar\/d913209259cea2fbc9e0fe2b58775b1e647df1ee76ecf3e69623cc9249747609?s=96&d=mm&r=g\",\"contentUrl\":\"https:\/\/secure.gravatar.com\/avatar\/d913209259cea2fbc9e0fe2b58775b1e647df1ee76ecf3e69623cc9249747609?s=96&d=mm&r=g\",\"caption\":\"aylikdergisi\"},\"sameAs\":[\"http:\/\/aylikdergisi.com\"],\"url\":\"https:\/\/www.aylikdergisi.com\/index.php\/author\/admin\/\"}]}<\/script>\n<!-- \/ Yoast SEO plugin. -->","yoast_head_json":{"title":"Ayl\u0131k Baran \"Ortado\u011fu\u2019yu Ortado\u011fu edecek olan Anadolu merkezli bir fikirdir\" man\u015fetiyle \u00e7\u0131kt\u0131 - Ayl\u0131k Dergisi","robots":{"index":"index","follow":"follow","max-snippet":"max-snippet:-1","max-image-preview":"max-image-preview:large","max-video-preview":"max-video-preview:-1"},"canonical":"https:\/\/www.aylikdergisi.com\/index.php\/2024\/10\/04\/aylik-baran-ortadoguyu-ortadogu-edecek-olan-anadolu-merkezli-bir-fikirdir-mansetiyle-cikti\/","og_locale":"tr_TR","og_type":"article","og_title":"Ayl\u0131k Baran \"Ortado\u011fu\u2019yu Ortado\u011fu edecek olan Anadolu merkezli bir fikirdir\" man\u015fetiyle \u00e7\u0131kt\u0131 - Ayl\u0131k Dergisi","og_description":"Ayl\u0131k Baran Dergisi\u2019nin 32. say\u0131s\u0131 yay\u0131mland\u0131. Bu say\u0131da, Aksa Tufan\u0131 Operasyonu\u2019nun birinci y\u0131l d\u00f6n\u00fcm\u00fc ele al\u0131narak, b\u00f6lgedeki siyasi, askeri ve insani geli\u015fmeler detayl\u0131 bir \u015fekilde incelendi. Derginin kapa\u011f\u0131nda Salih Mirzabeyo\u011flu\u2019nun&hellip;","og_url":"https:\/\/www.aylikdergisi.com\/index.php\/2024\/10\/04\/aylik-baran-ortadoguyu-ortadogu-edecek-olan-anadolu-merkezli-bir-fikirdir-mansetiyle-cikti\/","og_site_name":"Ayl\u0131k Dergisi","article_publisher":"https:\/\/www.facebook.com\/AylikBaranDergisi","article_published_time":"2024-10-04T12:28:49+00:00","article_modified_time":"2025-02-19T12:32:51+00:00","og_image":[{"width":1220,"height":680,"url":"https:\/\/www.aylikdergisi.com\/wp-content\/uploads\/2025\/02\/aylik-baran-32-d.webp","type":"image\/webp"}],"author":"aylikdergisi","twitter_card":"summary_large_image","twitter_creator":"@Aylik_Dergisi","twitter_site":"@Aylik_Dergisi","twitter_misc":{"Yazan:":"aylikdergisi","Tahmini okuma s\u00fcresi":"2 dakika"},"schema":{"@context":"https:\/\/schema.org","@graph":[{"@type":"Article","@id":"https:\/\/www.aylikdergisi.com\/index.php\/2024\/10\/04\/aylik-baran-ortadoguyu-ortadogu-edecek-olan-anadolu-merkezli-bir-fikirdir-mansetiyle-cikti\/#article","isPartOf":{"@id":"https:\/\/www.aylikdergisi.com\/index.php\/2024\/10\/04\/aylik-baran-ortadoguyu-ortadogu-edecek-olan-anadolu-merkezli-bir-fikirdir-mansetiyle-cikti\/"},"author":{"name":"aylikdergisi","@id":"https:\/\/www.aylikdergisi.com\/#\/schema\/person\/f6f24c4fc82f2469847571852b8c65fd"},"headline":"Ayl\u0131k Baran &#8220;Ortado\u011fu\u2019yu Ortado\u011fu edecek olan Anadolu merkezli bir fikirdir&#8221; man\u015fetiyle \u00e7\u0131kt\u0131","datePublished":"2024-10-04T12:28:49+00:00","dateModified":"2025-02-19T12:32:51+00:00","mainEntityOfPage":{"@id":"https:\/\/www.aylikdergisi.com\/index.php\/2024\/10\/04\/aylik-baran-ortadoguyu-ortadogu-edecek-olan-anadolu-merkezli-bir-fikirdir-mansetiyle-cikti\/"},"wordCount":251,"commentCount":0,"publisher":{"@id":"https:\/\/www.aylikdergisi.com\/#organization"},"image":{"@id":"https:\/\/www.aylikdergisi.com\/index.php\/2024\/10\/04\/aylik-baran-ortadoguyu-ortadogu-edecek-olan-anadolu-merkezli-bir-fikirdir-mansetiyle-cikti\/#primaryimage"},"thumbnailUrl":"https:\/\/www.aylikdergisi.com\/wp-content\/uploads\/2025\/02\/aylik-baran-32-d.webp","articleSection":["Ayl\u0131k Baran"],"inLanguage":"tr","potentialAction":[{"@type":"CommentAction","name":"Comment","target":["https:\/\/www.aylikdergisi.com\/index.php\/2024\/10\/04\/aylik-baran-ortadoguyu-ortadogu-edecek-olan-anadolu-merkezli-bir-fikirdir-mansetiyle-cikti\/#respond"]}]},{"@type":"WebPage","@id":"https:\/\/www.aylikdergisi.com\/index.php\/2024\/10\/04\/aylik-baran-ortadoguyu-ortadogu-edecek-olan-anadolu-merkezli-bir-fikirdir-mansetiyle-cikti\/","url":"https:\/\/www.aylikdergisi.com\/index.php\/2024\/10\/04\/aylik-baran-ortadoguyu-ortadogu-edecek-olan-anadolu-merkezli-bir-fikirdir-mansetiyle-cikti\/","name":"Ayl\u0131k Baran \"Ortado\u011fu\u2019yu Ortado\u011fu edecek olan Anadolu merkezli bir fikirdir\" man\u015fetiyle \u00e7\u0131kt\u0131 - Ayl\u0131k Dergisi","isPartOf":{"@id":"https:\/\/www.aylikdergisi.com\/#website"},"primaryImageOfPage":{"@id":"https:\/\/www.aylikdergisi.com\/index.php\/2024\/10\/04\/aylik-baran-ortadoguyu-ortadogu-edecek-olan-anadolu-merkezli-bir-fikirdir-mansetiyle-cikti\/#primaryimage"},"image":{"@id":"https:\/\/www.aylikdergisi.com\/index.php\/2024\/10\/04\/aylik-baran-ortadoguyu-ortadogu-edecek-olan-anadolu-merkezli-bir-fikirdir-mansetiyle-cikti\/#primaryimage"},"thumbnailUrl":"https:\/\/www.aylikdergisi.com\/wp-content\/uploads\/2025\/02\/aylik-baran-32-d.webp","datePublished":"2024-10-04T12:28:49+00:00","dateModified":"2025-02-19T12:32:51+00:00","breadcrumb":{"@id":"https:\/\/www.aylikdergisi.com\/index.php\/2024\/10\/04\/aylik-baran-ortadoguyu-ortadogu-edecek-olan-anadolu-merkezli-bir-fikirdir-mansetiyle-cikti\/#breadcrumb"},"inLanguage":"tr","potentialAction":[{"@type":"ReadAction","target":["https:\/\/www.aylikdergisi.com\/index.php\/2024\/10\/04\/aylik-baran-ortadoguyu-ortadogu-edecek-olan-anadolu-merkezli-bir-fikirdir-mansetiyle-cikti\/"]}]},{"@type":"ImageObject","inLanguage":"tr","@id":"https:\/\/www.aylikdergisi.com\/index.php\/2024\/10\/04\/aylik-baran-ortadoguyu-ortadogu-edecek-olan-anadolu-merkezli-bir-fikirdir-mansetiyle-cikti\/#primaryimage","url":"https:\/\/www.aylikdergisi.com\/wp-content\/uploads\/2025\/02\/aylik-baran-32-d.webp","contentUrl":"https:\/\/www.aylikdergisi.com\/wp-content\/uploads\/2025\/02\/aylik-baran-32-d.webp","width":1220,"height":680},{"@type":"BreadcrumbList","@id":"https:\/\/www.aylikdergisi.com\/index.php\/2024\/10\/04\/aylik-baran-ortadoguyu-ortadogu-edecek-olan-anadolu-merkezli-bir-fikirdir-mansetiyle-cikti\/#breadcrumb","itemListElement":[{"@type":"ListItem","position":1,"name":"Anasayfa","item":"https:\/\/www.aylikdergisi.com\/"},{"@type":"ListItem","position":2,"name":"Ayl\u0131k Baran &#8220;Ortado\u011fu\u2019yu Ortado\u011fu edecek olan Anadolu merkezli bir fikirdir&#8221; man\u015fetiyle \u00e7\u0131kt\u0131"}]},{"@type":"WebSite","@id":"https:\/\/www.aylikdergisi.com\/#website","url":"https:\/\/www.aylikdergisi.com\/","name":"Ayl\u0131k Dergisi","description":"Fikir, Siyaset, Toplum ve K&uuml;lt&uuml;r Sanat","publisher":{"@id":"https:\/\/www.aylikdergisi.com\/#organization"},"potentialAction":[{"@type":"SearchAction","target":{"@type":"EntryPoint","urlTemplate":"https:\/\/www.aylikdergisi.com\/?s={search_term_string}"},"query-input":{"@type":"PropertyValueSpecification","valueRequired":true,"valueName":"search_term_string"}}],"inLanguage":"tr"},{"@type":"Organization","@id":"https:\/\/www.aylikdergisi.com\/#organization","name":"Ayl\u0131k Dergisi","url":"https:\/\/www.aylikdergisi.com\/","logo":{"@type":"ImageObject","inLanguage":"tr","@id":"https:\/\/www.aylikdergisi.com\/#\/schema\/logo\/image\/","url":"http:\/\/aylikdergisi.com\/wp-content\/uploads\/2023\/03\/cropped-aylik-dergisi-logo-taslak.png","contentUrl":"http:\/\/aylikdergisi.com\/wp-content\/uploads\/2023\/03\/cropped-aylik-dergisi-logo-taslak.png","width":380,"height":287,"caption":"Ayl\u0131k Dergisi"},"image":{"@id":"https:\/\/www.aylikdergisi.com\/#\/schema\/logo\/image\/"},"sameAs":["https:\/\/www.facebook.com\/AylikBaranDergisi","https:\/\/x.com\/Aylik_Dergisi","https:\/\/www.instagram.com\/aylikbarandergisi\/"]},{"@type":"Person","@id":"https:\/\/www.aylikdergisi.com\/#\/schema\/person\/f6f24c4fc82f2469847571852b8c65fd","name":"aylikdergisi","image":{"@type":"ImageObject","inLanguage":"tr","@id":"https:\/\/www.aylikdergisi.com\/#\/schema\/person\/image\/794c885c93221403cc418bbc3f8b6bb9","url":"https:\/\/secure.gravatar.com\/avatar\/d913209259cea2fbc9e0fe2b58775b1e647df1ee76ecf3e69623cc9249747609?s=96&d=mm&r=g","contentUrl":"https:\/\/secure.gravatar.com\/avatar\/d913209259cea2fbc9e0fe2b58775b1e647df1ee76ecf3e69623cc9249747609?s=96&d=mm&r=g","caption":"aylikdergisi"},"sameAs":["http:\/\/aylikdergisi.com"],"url":"https:\/\/www.aylikdergisi.com\/index.php\/author\/admin\/"}]}},"authors":[{"term_id":14,"user_id":1,"is_guest":0,"slug":"admin","display_name":"aylikdergisi","avatar_url":"https:\/\/secure.gravatar.com\/avatar\/72d88977e7edd63669015a131160b7255adb4b26ec9dfe844962f6640dc09e99?s=96&d=mm&r=g","author_category":"","user_url":"http:\/\/aylikdergisi.com","last_name":"","first_name":"","job_title":"","description":""}],"_links":{"self":[{"href":"https:\/\/www.aylikdergisi.com\/index.php\/wp-json\/wp\/v2\/posts\/728","targetHints":{"allow":["GET"]}}],"collection":[{"href":"https:\/\/www.aylikdergisi.com\/index.php\/wp-json\/wp\/v2\/posts"}],"about":[{"href":"https:\/\/www.aylikdergisi.com\/index.php\/wp-json\/wp\/v2\/types\/post"}],"author":[{"embeddable":true,"href":"https:\/\/www.aylikdergisi.com\/index.php\/wp-json\/wp\/v2\/users\/1"}],"replies":[{"embeddable":true,"href":"https:\/\/www.aylikdergisi.com\/index.php\/wp-json\/wp\/v2\/comments?post=728"}],"version-history":[{"count":1,"href":"https:\/\/www.aylikdergisi.com\/index.php\/wp-json\/wp\/v2\/posts\/728\/revisions"}],"predecessor-version":[{"id":731,"href":"https:\/\/www.aylikdergisi.com\/index.php\/wp-json\/wp\/v2\/posts\/728\/revisions\/731"}],"wp:featuredmedia":[{"embeddable":true,"href":"https:\/\/www.aylikdergisi.com\/index.php\/wp-json\/wp\/v2\/media\/729"}],"wp:attachment":[{"href":"https:\/\/www.aylikdergisi.com\/index.php\/wp-json\/wp\/v2\/media?parent=728"}],"wp:term":[{"taxonomy":"category","embeddable":true,"href":"https:\/\/www.aylikdergisi.com\/index.php\/wp-json\/wp\/v2\/categories?post=728"},{"taxonomy":"post_tag","embeddable":true,"href":"https:\/\/www.aylikdergisi.com\/index.php\/wp-json\/wp\/v2\/tags?post=728"},{"taxonomy":"author","embeddable":true,"href":"https:\/\/www.aylikdergisi.com\/index.php\/wp-json\/wp\/v2\/ppma_author?post=728"}],"curies":[{"name":"wp","href":"https:\/\/api.w.org\/{rel}","templated":true}]}}