{"id":671,"date":"2014-02-01T08:25:45","date_gmt":"2014-02-01T08:25:45","guid":{"rendered":"https:\/\/www.aylikdergisi.com\/?p=671"},"modified":"2024-08-02T09:21:35","modified_gmt":"2024-08-02T09:21:35","slug":"kazim-albayrak-muslumanlarin-onurunu-dik-tutan-salih-mirzabeyoglu-ve-baglilaridir","status":"publish","type":"post","link":"https:\/\/www.aylikdergisi.com\/index.php\/2014\/02\/01\/kazim-albayrak-muslumanlarin-onurunu-dik-tutan-salih-mirzabeyoglu-ve-baglilaridir\/","title":{"rendered":"Kaz\u0131m Albayrak: \u201cM\u00fcsl\u00fcmanlar\u0131n onurunu dik tutan Salih Mirzabeyo\u011flu ve ba\u011fl\u0131lar\u0131d\u0131r!\u201d\u00a0"},"content":{"rendered":"<p><b><span data-contrast=\"auto\">Kaz\u0131m Albayrak: \u201cM\u00fcsl\u00fcmanlar\u0131n onurunu dik tutan Salih Mirzabeyo\u011flu ve ba\u011fl\u0131lar\u0131d\u0131r!\u201d<\/span><\/b><span data-ccp-props=\"{&quot;201341983&quot;:0,&quot;335559739&quot;:160,&quot;335559740&quot;:278}\">\u00a0<\/span><\/p>\n<p><span data-ccp-props=\"{&quot;201341983&quot;:0,&quot;335559739&quot;:160,&quot;335559740&quot;:278}\">\u00a0<\/span><\/p>\n<p><b><span data-contrast=\"auto\">K\u00e2z\u0131m Albayrak\u2019\u0131n Yeni \u015eafak gazetesi muhabirine verdi\u011fi ve gazetede bir k\u0131sm\u0131 haberle\u015ftirilen s\u00f6yle\u015finin tam metni:<\/span><\/b><span data-ccp-props=\"{&quot;201341983&quot;:0,&quot;335559739&quot;:160,&quot;335559740&quot;:278}\">\u00a0<\/span><\/p>\n<p><span data-ccp-props=\"{&quot;201341983&quot;:0,&quot;335559739&quot;:160,&quot;335559740&quot;:278}\">\u00a0<\/span><\/p>\n<p><b><span data-contrast=\"auto\">Band\u0131rma Cezaevi isyan\u0131 davas\u0131nda 32 ki\u015fiye 228 y\u0131l verilen ceza hakk\u0131nda neler s\u00f6yleyeceksiniz?<\/span><\/b><span data-ccp-props=\"{&quot;201341983&quot;:0,&quot;335559739&quot;:160,&quot;335559740&quot;:278}\">\u00a0<\/span><\/p>\n<p><span data-contrast=\"auto\">Hayata d\u00f6n\u00fc\u015f operasyonlar\u0131 zaman a\u015f\u0131m\u0131ndan d\u00fc\u015ft\u00fc. Metris isyan\u0131 yani \u201cNoel Baba Operasyonu\u201d davas\u0131nda ise \u00f6nce 3 y\u0131l 4 ay ceza verildi ve sonra infaz durduruldu. Fakat \u0130BDA-C mahk\u00fbmlar\u0131n\u0131n Band\u0131rma isyan\u0131 davas\u0131 14 sene sonra Yarg\u0131tay da 6,5 y\u0131ldan 11,5 y\u0131la kadar a\u011f\u0131r cezalara \u00e7apt\u0131r\u0131ld\u0131. H\u00e2lbuki 20\u2019ye yak\u0131n cezaevlerindeki isyan davalar\u0131n\u0131 (Hayata D\u00f6n\u00fc\u015f) zaman a\u015f\u0131m\u0131ndan d\u00fc\u015f\u00fcren yine ayn\u0131 Yarg\u0131tay idi. Yani T\u00fcrkiye\u2019de bu davalardan \u00f6t\u00fcr\u00fc ceza alm\u0131\u015f kimse yok! Hukukta \u201cUygulamada Birlik\u201d ilkesi var. Acaba Yarg\u0131tay 9. Ceza Dairesi, Yarg\u0131tay\u2019\u0131n ayn\u0131 davalarda daha \u00f6nce verdi\u011fi kararlar\u0131 g\u00f6rm\u00fcyor mu?<\/span><span data-ccp-props=\"{&quot;201341983&quot;:0,&quot;335559739&quot;:160,&quot;335559740&quot;:278}\">\u00a0<\/span><\/p>\n<p><b><span data-contrast=\"auto\">Sizce neden b\u00f6yle farkl\u0131 uygulamalara gidildi?<\/span><\/b><span data-ccp-props=\"{&quot;201341983&quot;:0,&quot;335559739&quot;:160,&quot;335559740&quot;:278}\">\u00a0<\/span><\/p>\n<p><span data-contrast=\"auto\">Yarg\u0131tay 9. Ceza Dairesinin, ayn\u0131 davalardan daha \u00f6nce verilen kararlar\u0131 bilmemesi m\u00fcmk\u00fcn de\u011fil. A\u00e7\u0131k\u00e7a s\u00f6yleyeyim, Yarg\u0131tay 9. Ceza Dairesi \u201cCemaat\u201din a\u011f\u0131rl\u0131kta oldu\u011fu bir daire. Bizi, yarg\u0131daki cemaat yap\u0131lanmas\u0131n\u0131 bilen siyaset\u00e7i ve hukuk\u00e7u arkada\u015flar uyarm\u0131\u015ft\u0131. Ve tam da cemaatin h\u00fck\u00fcmete darbe te\u015febb\u00fcs\u00fc tarihinde 25 Aral\u0131k 2003\u2019de Yarg\u0131tay 9. Ceza Dairesi 32 ki\u015fiye a\u011f\u0131r cezalar\u0131 onad\u0131.<\/span><span data-ccp-props=\"{&quot;201341983&quot;:0,&quot;335559739&quot;:160,&quot;335559740&quot;:278}\">\u00a0<\/span><\/p>\n<p><b><span data-contrast=\"auto\">Yarg\u0131n\u0131n ba\u011f\u0131ms\u0131zl\u0131\u011f\u0131 ve tarafs\u0131zl\u0131\u011f\u0131 yok mu sizce?<\/span><\/b><span data-ccp-props=\"{&quot;201341983&quot;:0,&quot;335559739&quot;:160,&quot;335559740&quot;:278}\">\u00a0<\/span><\/p>\n<p><span data-contrast=\"auto\">Yarg\u0131 ba\u011f\u0131ms\u0131z ama tarafs\u0131zl\u0131\u011f\u0131n\u0131 yitireli \u00e7ok oldu. \u201cTarafs\u0131zl\u0131k\u201d objektif ve subjektif tarafs\u0131zl\u0131k \u015feklinde olur. \u201cobjektif tarafs\u0131zl\u0131k\u201d d\u0131\u015f bask\u0131lara kar\u015f\u0131, \u201csubjektif tarafs\u0131zl\u0131k\u201d ise h\u00e2kimin kendi i\u00e7ine kar\u015f\u0131 tarafs\u0131zl\u0131\u011f\u0131 demek&#8230; Fakat cemaat mensubu h\u00e2kimlerin vicdanlar\u0131na g\u00f6re de\u011fil de blok olarak hareket ettikleri ve yukar\u0131dan gelen talimata g\u00f6re g\u00f6zlerini k\u0131rpmadan cezalar verdikleri ispatlanm\u0131\u015f vaziyette. En son olarak bizim davam\u0131z buna \u00f6rnektir. Ne de olsa bizler \u0130BDA\u2019c\u0131y\u0131z ve y\u0131llard\u0131r emperyalizm hizmet\u00e7ili\u011fini yapan \u201cG\u00fclen Hareketi\u201dni ele\u015ftiriyorduk. Hukuk ve ahlak mevzuu\u2026 Hak ve hakikati \u00f6l\u00e7\u00fc almayan bu tip cemaatler ahlaks\u0131z tav\u0131rlar sergiler. G\u00fcndemdeki son geli\u015fmelere bakarsan\u0131z s\u00f6ylediklerimi daha iyi anlars\u0131n\u0131z. \u0130srail\u2019i \u201cotorite\u201d kabul edenlerin ve b\u00f6ylelerin namazlar\u0131 ise kendilerine kals\u0131n.\u00a0<\/span><span data-ccp-props=\"{&quot;201341983&quot;:0,&quot;335559739&quot;:160,&quot;335559740&quot;:278}\">\u00a0<\/span><\/p>\n<p><b><span data-contrast=\"auto\">Davan\u0131n hukuki durumundan bahseder misiniz?<\/span><\/b><span data-ccp-props=\"{&quot;201341983&quot;:0,&quot;335559739&quot;:160,&quot;335559740&quot;:278}\">\u00a0<\/span><\/p>\n<p><span data-contrast=\"auto\">28 \u015eubat d\u00f6neminde oluyor h\u00e2dise. F Tipi Cezaevlerine zorla g\u00f6t\u00fcr\u00fclme s\u00f6z konusudur. \u0130nsan ve M\u00fcsl\u00fcman onurunu korumak isteyen \u0130BDA-C mahk\u00fbmlar\u0131n\u0131n \u00fczerine kur\u015funlar s\u0131k\u0131ld\u0131. Hasan Meri\u00e7 isimli g\u00f6n\u00fclda\u015f\u0131m\u0131z G-3 mermisinden \u00e7\u0131kan kur\u015funlarla \u015fehid oluyor. \u00c7o\u011fu kur\u015fun yaras\u0131 olan 15 yaral\u0131m\u0131z var. Ve b\u00fct\u00fcn bunlara ra\u011fmen arkam\u0131zdan tutulan tutanaklarla \u201cCezaevinde isyan ve tahribat\u201d diye de dava a\u00e7\u0131l\u0131yor. Askerin yapt\u0131\u011f\u0131 tahribatlar bize y\u0131k\u0131l\u0131yor ve \u00fcst s\u0131n\u0131rdan ve art\u0131r\u0131mlarla cezalar katlanarak veriliyor. Zaman a\u015f\u0131m\u0131na sokmamak i\u00e7in verilen cezalar ise y\u00fcksekte tutuluyor. Kamera kay\u0131tlar\u0131 incelenmiyor, savunman\u0131n talepleri dinlenmiyor, eksik soru\u015fturma yap\u0131l\u0131yor. \u00d6yle ki, Hasan Meri\u00e7 g\u00f6zlerimizin \u00f6n\u00fcnde kur\u015funland\u0131. Band\u0131rma Devlet Hastanesi\u2019nde \u201c\u00d6l\u00fc Muayene Raporu\u201d ile kur\u015funla vuruldu\u011funa dair bir rapor d\u00fczenleniyor. Fakat Jandarma taraf\u0131ndan g\u00f6n\u00fclda\u015f\u0131m\u0131z\u0131n aziz naa\u015f\u0131n\u0131 Bursa Adli T\u0131p\u2019a g\u00f6t\u00fcr\u00fcyorlar ve \u00f6nden girip arkadan \u00e7\u0131kan g\u00f6\u011fs\u00fcndeki kur\u015fun yaras\u0131na \u00f6nden ve arkadan \u015fi\u015f sokuluyor ve \u201carkada\u015flar\u0131 \u00f6ld\u00fcrd\u00fc\u201d deniliyor. Arkada\u015f\u0131m\u0131z\u0131n cesedine de i\u015fkence ediliyor. Bu raporlar elimizde ve sonradan yapt\u0131\u011f\u0131m\u0131z su\u00e7 duyurusu da Band\u0131rma Savc\u0131l\u0131\u011f\u0131nca kapat\u0131lm\u0131\u015f durumda.<\/span><span data-ccp-props=\"{&quot;201341983&quot;:0,&quot;335559739&quot;:160,&quot;335559740&quot;:278}\">\u00a0<\/span><\/p>\n<p><b><span data-contrast=\"auto\">Yarg\u0131tay\u2019\u0131n \u201cba\u011f\u0131ms\u0131z fakat tarafs\u0131z olmad\u0131\u011f\u0131\u201dn\u0131 s\u00f6ylediniz. Neye dayanarak bunu s\u00f6ylediniz?<\/span><\/b><span data-ccp-props=\"{&quot;201341983&quot;:0,&quot;335559739&quot;:160,&quot;335559740&quot;:278}\">\u00a0<\/span><\/p>\n<p><span data-contrast=\"auto\">Gaziantep merkezli Vasat davas\u0131nda 13 san\u0131\u011f\u0131n tamam\u0131 i\u00e7in Yarg\u0131tay Cumhuriyet Savc\u0131s\u0131 davan\u0131n bozulmas\u0131na dair 3 sayfa tebli\u011fname vermesine ve silah da olmamas\u0131na ra\u011fmen cezalar\u0131n\u0131 Yarg\u0131tay 9. Dairesi onaylad\u0131. Keza, Elaz\u0131\u011f \u0130hya-Der, Ad\u0131yaman Vahdet Der davalar\u0131nda da hukuksuz kararlar ve onamalar verilmi\u015ftir. Keza, KCK ve \u00c7a\u011fda\u015f Hukuk\u00e7ular Derne\u011fi Avukatlar\u0131 davalar\u0131 da emniyetin kurgulad\u0131\u011f\u0131 ve yarg\u0131n\u0131n onaylad\u0131\u011f\u0131 cemaat yap\u0131lanmas\u0131n\u0131n operasyonlar\u0131d\u0131r. Bu a\u00e7\u0131dan bak\u0131ld\u0131\u011f\u0131nda ise Band\u0131rma \u0130BDA\/C tutsaklar\u0131 davas\u0131 da son bir \u00f6rne\u011fi olmu\u015ftur cemaat zulm\u00fcn\u00fcn. \u00dcstelik benim ve bir arkada\u015f\u0131m hakk\u0131nda Yarg\u0131tay Cumhuriyet Savc\u0131s\u0131 \u201czamana\u015f\u0131m\u0131 doldu\u201d demi\u015fti. Fakat karar siyasi ve planl\u0131 idi.<\/span><span data-ccp-props=\"{&quot;201341983&quot;:0,&quot;335559739&quot;:160,&quot;335559740&quot;:278}\">\u00a0<\/span><\/p>\n<p><b><span data-contrast=\"auto\">Yarg\u0131tay\u2019\u0131n bu karar\u0131n\u0131n hukuki de\u011fil siyasi mi oldu\u011funu mu s\u00f6yl\u00fcyorsunuz?<\/span><\/b><span data-ccp-props=\"{&quot;201341983&quot;:0,&quot;335559739&quot;:160,&quot;335559740&quot;:278}\">\u00a0<\/span><\/p>\n<p><span data-contrast=\"auto\">Tamamen \u00f6yle\u2026 Delil, \u015fahit ve belgeler hi\u00e7 \u00f6nem arz etmiyor ki! Kararlar\u0131n\u0131 vermi\u015fler bir kere! Bu durumda, art\u0131k bizim de siyasi savunma yapmam\u0131z elzem oluyor haliyle\u2026 Paralel yarg\u0131 i\u00e7in hak-hukuk ve adalet bir m\u00e2n\u00e2 ifade etmiyor. Bundan 15-20 y\u0131l \u00f6nceden bir misal vereyim: \u0130BDA Cephelerinin Adapazar\u0131\u2019nda baz\u0131 faaliyetleri oluyor, g\u00f6zalt\u0131lar oluyor. Cemaat\u00e7i savc\u0131 (ismi H\u00fcseyin) tutuklama istiyor, n\u00f6bet\u00e7i h\u00e2kim arkada\u015flar\u0131n hepsini b\u0131rak\u0131yor; demek ki tutuklamaya gerek g\u00f6rm\u00fcyor. Fakat cemaat\u00e7i savc\u0131 itiraz ediyor ve b\u00fct\u00fcn arkada\u015flar\u0131n tutuklanmas\u0131n\u0131 temin ediyor. Anlayaca\u011f\u0131n\u0131z bu kadar art niyetliler. \u015eunu art\u0131k herkes biliyor ki, \u201ccemaat\u201d \u0130sl\u00e2m\u00ee cemaatlere daha d\u00fc\u015fmanca davran\u0131yor.<\/span><span data-ccp-props=\"{&quot;201341983&quot;:0,&quot;335559739&quot;:160,&quot;335559740&quot;:278}\">\u00a0<\/span><\/p>\n<p><b><span data-contrast=\"auto\">K\u00e2z\u0131m Bey siz en y\u00fcksek cezay\u0131 (11 y\u0131l 6 ay 10 g\u00fcn) ald\u0131n\u0131z. Azmettirici olarak.<\/span><\/b><span data-ccp-props=\"{&quot;201341983&quot;:0,&quot;335559739&quot;:160,&quot;335559740&quot;:278}\">\u00a0<\/span><\/p>\n<p><span data-contrast=\"auto\">Benim ve iki arkada\u015f\u0131n liderlik ve azmettiricilikten dolay\u0131 a\u011f\u0131r cezaya maruz kalmas\u0131 mahkeme d\u00fczmecesidir. Hi\u00e7 bir arkada\u015f bu y\u00f6nde ifade vermemi\u015ftir.\u00a0 Zaten o d\u00f6nemde b\u00fct\u00fcn mahkumlar F tipi cezaevi h\u00fccrelerine kar\u015f\u0131yd\u0131 ve mahkumlara oraya gitmemeleri konusunda kimsenin telkinde buunmas\u0131na gerek yoktu. Ben 8 y\u0131ld\u0131r \u00e7\u0131kan haftal\u0131k Baran Dergisinin Yay\u0131n Kurulu \u00dcyesiyim. 90-95 y\u0131llar\u0131nda ise Taraf Dergisi\u2019nin yaz\u0131 i\u015fleri m\u00fcd\u00fcr\u00fc ve yazar\u0131 idim. Ondan dolay\u0131 cezalar\u0131m vard\u0131 ve bunlar\u0131n da \u00fcst\u00fcne \u0130BDA-C \u00f6rg\u00fct\u00fc cezas\u0131 da eklendi. O zamanlar\u0131n DGM yarg\u0131lamalar\u0131, askerin brifingleri ve Salih Mirzabeyo\u011flu\u2019na verilen idam cezas\u0131 m\u00e2lum. Bizler de nasibimiz kadar zulme maruz kald\u0131k. Allah yolunda ba\u015fa gelen belaya \u015f\u00fckretmek gerekir. Bug\u00fcnk\u00fc ceza ve zul\u00fcmlere de bu g\u00f6zle bak\u0131yoruz. Zalimler ile her an hesapla\u015fma \u015fuuruyla; fakat bir zalim giderken (Kemalistler) ba\u015fka bir zalim (Cemaat\u00e7iler) gelmesine de m\u00fcsaade edilmemeli\u2026<\/span><span data-ccp-props=\"{&quot;201341983&quot;:0,&quot;335559739&quot;:160,&quot;335559740&quot;:278}\">\u00a0<\/span><\/p>\n<p><b><span data-contrast=\"auto\">Cezalar kar\u015f\u0131s\u0131nda neler hissettiniz?<\/span><\/b><span data-ccp-props=\"{&quot;201341983&quot;:0,&quot;335559739&quot;:160,&quot;335559740&quot;:278}\">\u00a0<\/span><\/p>\n<p><span data-contrast=\"auto\">B\u00fct\u00fcn arkada\u015flar \u015fuurludur ve Kelime-i Tevhidi y\u00fcce tutman\u0131n arzusuyla doludur. Band\u0131rma Operasyonu\u2019nun bir Ramazan ve arefe g\u00fcn\u00fc yap\u0131ld\u0131\u011f\u0131n\u0131 ve operasyona kat\u0131lacak askerler aras\u0131ndan oru\u00e7 tutan askerlerin ay\u0131klan\u0131p, tek tip elbise giymi\u015f r\u00fctbeli askerler taraf\u0131ndan yap\u0131ld\u0131\u011f\u0131n\u0131 ve Bal\u0131kesir garnizon komutan\u0131 olan Korcan Pulats\u00fc\u2019n\u00fcn daha sonra Balyoz davas\u0131ndan h\u00fck\u00fcml\u00fc oldu\u011funu belirteyim.\u00a0<\/span><span data-ccp-props=\"{&quot;201341983&quot;:0,&quot;335559739&quot;:160,&quot;335559740&quot;:278}\">\u00a0<\/span><\/p>\n<p><span data-contrast=\"auto\">\u0130sl\u00e2mc\u0131 mahk\u00fbmlara hangi g\u00f6zle bakt\u0131klar\u0131n\u0131 operasyonda s\u0131kt\u0131klar\u0131 kur\u015funlardan ve cezaevine at\u0131lan gaz bombalar\u0131ndan ve kendilerinin bizim ko\u011fu\u015f havaland\u0131rmas\u0131nda \u00e7\u0131kard\u0131klar\u0131 yang\u0131ndan anlamak gerekir. Bu h\u00e2diseyi o zamanlar\u0131n Vakit gazetesi \u201cOru\u00e7\u2019a \u0130nfaz!\u201d ba\u015fl\u0131\u011f\u0131 ile haberle\u015ftirmi\u015f ve man\u015fettten yay\u0131mlam\u0131\u015ft\u0131r. M\u00fcsl\u00fcmanlar\u0131n onurunu dik tutan Salih Mirzabeyo\u011flu ve onun ba\u011fl\u0131lar\u0131n\u0131n tav\u0131rlar\u0131yla bu g\u00fcnlere geldik. Asl\u0131nda bo\u011fulmak istenen bu dik duru\u015f idi, ama muvaffak olunamad\u0131. Yine bug\u00fcn de Hak ve halk d\u00fc\u015fman\u0131 i\u00e7 ve d\u0131\u015f mihraklar\u0131n oyunlar\u0131na kar\u015f\u0131 en \u00e7ok \u0130sl\u00e2m\u00ee ruh ve direni\u015fle kar\u015f\u0131l\u0131k verilebilir. Necip Faz\u0131l\u2019\u0131n destanla\u015ft\u0131rd\u0131\u011f\u0131 ve Salih Mirzabeyo\u011flu\u2019nun s\u00fcrd\u00fcrd\u00fc\u011f\u00fc \u0130sl\u00e2m\u2019\u0131n binek ta\u015f\u0131 \u201cAnadoluculuk\u201d ideali, bu topraklarda daha g\u00fcr olarak zuhur edecektir. Onun i\u00e7in bizim cezalardan y\u0131lmam\u0131z s\u00f6z konusu de\u011fildir. Hz. \u00d6mer\u2019in ifadelendirdi\u011fi \u015fu husus bizim i\u00e7in \u00f6l\u00e7\u00fc olmal\u0131: \u201cO g\u00fcnden ba\u015flayarak, Allah \u0130sl\u00e2m\u2019a izzet verinceye kadar boyuna k\u00e2firlerle d\u00f6v\u00fc\u015ft\u00fcm\u2026\u201d<\/span><span data-ccp-props=\"{&quot;201341983&quot;:0,&quot;335559739&quot;:160,&quot;335559740&quot;:278}\">\u00a0<\/span><\/p>\n<p><b><span data-contrast=\"auto\">Bu s\u00f6yle\u015fi i\u00e7in te\u015fekk\u00fcr ederim.<\/span><\/b><span data-ccp-props=\"{&quot;201341983&quot;:0,&quot;335559739&quot;:160,&quot;335559740&quot;:278}\">\u00a0<\/span><\/p>\n<p><span data-contrast=\"auto\">Ben de alakan\u0131zdan \u00f6t\u00fcr\u00fc size te\u015fekk\u00fcr ederim<\/span><span data-ccp-props=\"{&quot;201341983&quot;:0,&quot;335559739&quot;:160,&quot;335559740&quot;:278}\">\u00a0<\/span><\/p>\n<p><span data-ccp-props=\"{&quot;201341983&quot;:0,&quot;335559739&quot;:160,&quot;335559740&quot;:278}\">\u00a0<\/span><\/p>\n<p>&nbsp;<\/p>\n<p><span data-ccp-props=\"{&quot;201341983&quot;:0,&quot;335559739&quot;:160,&quot;335559740&quot;:278}\">\u00a0<\/span><\/p>\n","protected":false},"excerpt":{"rendered":"<p>Kaz\u0131m Albayrak: \u201cM\u00fcsl\u00fcmanlar\u0131n onurunu dik tutan Salih Mirzabeyo\u011flu ve ba\u011fl\u0131lar\u0131d\u0131r!\u201d\u00a0 \u00a0 K\u00e2z\u0131m Albayrak\u2019\u0131n Yeni \u015eafak gazetesi muhabirine verdi\u011fi ve gazetede bir k\u0131sm\u0131 haberle\u015ftirilen s\u00f6yle\u015finin tam metni:\u00a0 \u00a0 Band\u0131rma Cezaevi isyan\u0131&hellip;<\/p>\n","protected":false},"author":1,"featured_media":0,"comment_status":"open","ping_status":"open","sticky":false,"template":"","format":"standard","meta":{"footnotes":""},"categories":[1],"tags":[],"ppma_author":[15],"class_list":["post-671","post","type-post","status-publish","format-standard","hentry","category-roportaj","author-kazim-albay","no-post-thumbnail"],"yoast_head":"<!-- This site is optimized with the Yoast SEO plugin v26.8 - https:\/\/yoast.com\/product\/yoast-seo-wordpress\/ -->\n<title>Kaz\u0131m Albayrak: \u201cM\u00fcsl\u00fcmanlar\u0131n onurunu dik tutan Salih Mirzabeyo\u011flu ve ba\u011fl\u0131lar\u0131d\u0131r!\u201d\u00a0 - Ayl\u0131k Dergisi<\/title>\n<meta name=\"robots\" content=\"index, follow, max-snippet:-1, max-image-preview:large, max-video-preview:-1\" \/>\n<link rel=\"canonical\" href=\"https:\/\/www.aylikdergisi.com\/index.php\/2014\/02\/01\/kazim-albayrak-muslumanlarin-onurunu-dik-tutan-salih-mirzabeyoglu-ve-baglilaridir\/\" \/>\n<meta property=\"og:locale\" content=\"tr_TR\" \/>\n<meta property=\"og:type\" content=\"article\" \/>\n<meta property=\"og:title\" content=\"Kaz\u0131m Albayrak: \u201cM\u00fcsl\u00fcmanlar\u0131n onurunu dik tutan Salih Mirzabeyo\u011flu ve ba\u011fl\u0131lar\u0131d\u0131r!\u201d\u00a0 - Ayl\u0131k Dergisi\" \/>\n<meta property=\"og:description\" content=\"Kaz\u0131m Albayrak: \u201cM\u00fcsl\u00fcmanlar\u0131n onurunu dik tutan Salih Mirzabeyo\u011flu ve ba\u011fl\u0131lar\u0131d\u0131r!\u201d\u00a0 \u00a0 K\u00e2z\u0131m Albayrak\u2019\u0131n Yeni \u015eafak gazetesi muhabirine verdi\u011fi ve gazetede bir k\u0131sm\u0131 haberle\u015ftirilen s\u00f6yle\u015finin tam metni:\u00a0 \u00a0 Band\u0131rma Cezaevi isyan\u0131&hellip;\" \/>\n<meta property=\"og:url\" content=\"https:\/\/www.aylikdergisi.com\/index.php\/2014\/02\/01\/kazim-albayrak-muslumanlarin-onurunu-dik-tutan-salih-mirzabeyoglu-ve-baglilaridir\/\" \/>\n<meta property=\"og:site_name\" content=\"Ayl\u0131k Dergisi\" \/>\n<meta property=\"article:publisher\" content=\"https:\/\/www.facebook.com\/AylikBaranDergisi\" \/>\n<meta property=\"article:published_time\" content=\"2014-02-01T08:25:45+00:00\" \/>\n<meta property=\"article:modified_time\" content=\"2024-08-02T09:21:35+00:00\" \/>\n<meta name=\"author\" content=\"Kaz\u0131m Albay\" \/>\n<meta name=\"twitter:card\" content=\"summary_large_image\" \/>\n<meta name=\"twitter:creator\" content=\"@Aylik_Dergisi\" \/>\n<meta name=\"twitter:site\" content=\"@Aylik_Dergisi\" \/>\n<meta name=\"twitter:label1\" content=\"Yazan:\" \/>\n\t<meta name=\"twitter:data1\" content=\"aylikdergisi\" \/>\n\t<meta name=\"twitter:label2\" content=\"Tahmini okuma s\u00fcresi\" \/>\n\t<meta name=\"twitter:data2\" content=\"6 dakika\" \/>\n<script type=\"application\/ld+json\" class=\"yoast-schema-graph\">{\"@context\":\"https:\/\/schema.org\",\"@graph\":[{\"@type\":\"Article\",\"@id\":\"https:\/\/www.aylikdergisi.com\/index.php\/2014\/02\/01\/kazim-albayrak-muslumanlarin-onurunu-dik-tutan-salih-mirzabeyoglu-ve-baglilaridir\/#article\",\"isPartOf\":{\"@id\":\"https:\/\/www.aylikdergisi.com\/index.php\/2014\/02\/01\/kazim-albayrak-muslumanlarin-onurunu-dik-tutan-salih-mirzabeyoglu-ve-baglilaridir\/\"},\"author\":{\"name\":\"aylikdergisi\",\"@id\":\"https:\/\/www.aylikdergisi.com\/#\/schema\/person\/f6f24c4fc82f2469847571852b8c65fd\"},\"headline\":\"Kaz\u0131m Albayrak: \u201cM\u00fcsl\u00fcmanlar\u0131n onurunu dik tutan Salih Mirzabeyo\u011flu ve ba\u011fl\u0131lar\u0131d\u0131r!\u201d\u00a0\",\"datePublished\":\"2014-02-01T08:25:45+00:00\",\"dateModified\":\"2024-08-02T09:21:35+00:00\",\"mainEntityOfPage\":{\"@id\":\"https:\/\/www.aylikdergisi.com\/index.php\/2014\/02\/01\/kazim-albayrak-muslumanlarin-onurunu-dik-tutan-salih-mirzabeyoglu-ve-baglilaridir\/\"},\"wordCount\":1452,\"commentCount\":0,\"publisher\":{\"@id\":\"https:\/\/www.aylikdergisi.com\/#organization\"},\"articleSection\":[\"R\u00f6portaj\"],\"inLanguage\":\"tr\",\"potentialAction\":[{\"@type\":\"CommentAction\",\"name\":\"Comment\",\"target\":[\"https:\/\/www.aylikdergisi.com\/index.php\/2014\/02\/01\/kazim-albayrak-muslumanlarin-onurunu-dik-tutan-salih-mirzabeyoglu-ve-baglilaridir\/#respond\"]}]},{\"@type\":\"WebPage\",\"@id\":\"https:\/\/www.aylikdergisi.com\/index.php\/2014\/02\/01\/kazim-albayrak-muslumanlarin-onurunu-dik-tutan-salih-mirzabeyoglu-ve-baglilaridir\/\",\"url\":\"https:\/\/www.aylikdergisi.com\/index.php\/2014\/02\/01\/kazim-albayrak-muslumanlarin-onurunu-dik-tutan-salih-mirzabeyoglu-ve-baglilaridir\/\",\"name\":\"Kaz\u0131m Albayrak: \u201cM\u00fcsl\u00fcmanlar\u0131n onurunu dik tutan Salih Mirzabeyo\u011flu ve ba\u011fl\u0131lar\u0131d\u0131r!\u201d\u00a0 - Ayl\u0131k Dergisi\",\"isPartOf\":{\"@id\":\"https:\/\/www.aylikdergisi.com\/#website\"},\"datePublished\":\"2014-02-01T08:25:45+00:00\",\"dateModified\":\"2024-08-02T09:21:35+00:00\",\"breadcrumb\":{\"@id\":\"https:\/\/www.aylikdergisi.com\/index.php\/2014\/02\/01\/kazim-albayrak-muslumanlarin-onurunu-dik-tutan-salih-mirzabeyoglu-ve-baglilaridir\/#breadcrumb\"},\"inLanguage\":\"tr\",\"potentialAction\":[{\"@type\":\"ReadAction\",\"target\":[\"https:\/\/www.aylikdergisi.com\/index.php\/2014\/02\/01\/kazim-albayrak-muslumanlarin-onurunu-dik-tutan-salih-mirzabeyoglu-ve-baglilaridir\/\"]}]},{\"@type\":\"BreadcrumbList\",\"@id\":\"https:\/\/www.aylikdergisi.com\/index.php\/2014\/02\/01\/kazim-albayrak-muslumanlarin-onurunu-dik-tutan-salih-mirzabeyoglu-ve-baglilaridir\/#breadcrumb\",\"itemListElement\":[{\"@type\":\"ListItem\",\"position\":1,\"name\":\"Anasayfa\",\"item\":\"https:\/\/www.aylikdergisi.com\/\"},{\"@type\":\"ListItem\",\"position\":2,\"name\":\"Kaz\u0131m Albayrak: \u201cM\u00fcsl\u00fcmanlar\u0131n onurunu dik tutan Salih Mirzabeyo\u011flu ve ba\u011fl\u0131lar\u0131d\u0131r!\u201d\u00a0\"}]},{\"@type\":\"WebSite\",\"@id\":\"https:\/\/www.aylikdergisi.com\/#website\",\"url\":\"https:\/\/www.aylikdergisi.com\/\",\"name\":\"Ayl\u0131k Dergisi\",\"description\":\"Fikir, Siyaset, Toplum ve K&uuml;lt&uuml;r Sanat\",\"publisher\":{\"@id\":\"https:\/\/www.aylikdergisi.com\/#organization\"},\"potentialAction\":[{\"@type\":\"SearchAction\",\"target\":{\"@type\":\"EntryPoint\",\"urlTemplate\":\"https:\/\/www.aylikdergisi.com\/?s={search_term_string}\"},\"query-input\":{\"@type\":\"PropertyValueSpecification\",\"valueRequired\":true,\"valueName\":\"search_term_string\"}}],\"inLanguage\":\"tr\"},{\"@type\":\"Organization\",\"@id\":\"https:\/\/www.aylikdergisi.com\/#organization\",\"name\":\"Ayl\u0131k Dergisi\",\"url\":\"https:\/\/www.aylikdergisi.com\/\",\"logo\":{\"@type\":\"ImageObject\",\"inLanguage\":\"tr\",\"@id\":\"https:\/\/www.aylikdergisi.com\/#\/schema\/logo\/image\/\",\"url\":\"http:\/\/aylikdergisi.com\/wp-content\/uploads\/2023\/03\/cropped-aylik-dergisi-logo-taslak.png\",\"contentUrl\":\"http:\/\/aylikdergisi.com\/wp-content\/uploads\/2023\/03\/cropped-aylik-dergisi-logo-taslak.png\",\"width\":380,\"height\":287,\"caption\":\"Ayl\u0131k Dergisi\"},\"image\":{\"@id\":\"https:\/\/www.aylikdergisi.com\/#\/schema\/logo\/image\/\"},\"sameAs\":[\"https:\/\/www.facebook.com\/AylikBaranDergisi\",\"https:\/\/x.com\/Aylik_Dergisi\",\"https:\/\/www.instagram.com\/aylikbarandergisi\/\"]},{\"@type\":\"Person\",\"@id\":\"https:\/\/www.aylikdergisi.com\/#\/schema\/person\/f6f24c4fc82f2469847571852b8c65fd\",\"name\":\"aylikdergisi\",\"image\":{\"@type\":\"ImageObject\",\"inLanguage\":\"tr\",\"@id\":\"https:\/\/www.aylikdergisi.com\/#\/schema\/person\/image\/794c885c93221403cc418bbc3f8b6bb9\",\"url\":\"https:\/\/secure.gravatar.com\/avatar\/d913209259cea2fbc9e0fe2b58775b1e647df1ee76ecf3e69623cc9249747609?s=96&d=mm&r=g\",\"contentUrl\":\"https:\/\/secure.gravatar.com\/avatar\/d913209259cea2fbc9e0fe2b58775b1e647df1ee76ecf3e69623cc9249747609?s=96&d=mm&r=g\",\"caption\":\"aylikdergisi\"},\"sameAs\":[\"http:\/\/aylikdergisi.com\"],\"url\":\"https:\/\/www.aylikdergisi.com\/index.php\/author\/admin\/\"}]}<\/script>\n<!-- \/ Yoast SEO plugin. -->","yoast_head_json":{"title":"Kaz\u0131m Albayrak: \u201cM\u00fcsl\u00fcmanlar\u0131n onurunu dik tutan Salih Mirzabeyo\u011flu ve ba\u011fl\u0131lar\u0131d\u0131r!\u201d\u00a0 - Ayl\u0131k Dergisi","robots":{"index":"index","follow":"follow","max-snippet":"max-snippet:-1","max-image-preview":"max-image-preview:large","max-video-preview":"max-video-preview:-1"},"canonical":"https:\/\/www.aylikdergisi.com\/index.php\/2014\/02\/01\/kazim-albayrak-muslumanlarin-onurunu-dik-tutan-salih-mirzabeyoglu-ve-baglilaridir\/","og_locale":"tr_TR","og_type":"article","og_title":"Kaz\u0131m Albayrak: \u201cM\u00fcsl\u00fcmanlar\u0131n onurunu dik tutan Salih Mirzabeyo\u011flu ve ba\u011fl\u0131lar\u0131d\u0131r!\u201d\u00a0 - Ayl\u0131k Dergisi","og_description":"Kaz\u0131m Albayrak: \u201cM\u00fcsl\u00fcmanlar\u0131n onurunu dik tutan Salih Mirzabeyo\u011flu ve ba\u011fl\u0131lar\u0131d\u0131r!\u201d\u00a0 \u00a0 K\u00e2z\u0131m Albayrak\u2019\u0131n Yeni \u015eafak gazetesi muhabirine verdi\u011fi ve gazetede bir k\u0131sm\u0131 haberle\u015ftirilen s\u00f6yle\u015finin tam metni:\u00a0 \u00a0 Band\u0131rma Cezaevi isyan\u0131&hellip;","og_url":"https:\/\/www.aylikdergisi.com\/index.php\/2014\/02\/01\/kazim-albayrak-muslumanlarin-onurunu-dik-tutan-salih-mirzabeyoglu-ve-baglilaridir\/","og_site_name":"Ayl\u0131k Dergisi","article_publisher":"https:\/\/www.facebook.com\/AylikBaranDergisi","article_published_time":"2014-02-01T08:25:45+00:00","article_modified_time":"2024-08-02T09:21:35+00:00","author":"Kaz\u0131m Albay","twitter_card":"summary_large_image","twitter_creator":"@Aylik_Dergisi","twitter_site":"@Aylik_Dergisi","twitter_misc":{"Yazan:":"aylikdergisi","Tahmini okuma s\u00fcresi":"6 dakika"},"schema":{"@context":"https:\/\/schema.org","@graph":[{"@type":"Article","@id":"https:\/\/www.aylikdergisi.com\/index.php\/2014\/02\/01\/kazim-albayrak-muslumanlarin-onurunu-dik-tutan-salih-mirzabeyoglu-ve-baglilaridir\/#article","isPartOf":{"@id":"https:\/\/www.aylikdergisi.com\/index.php\/2014\/02\/01\/kazim-albayrak-muslumanlarin-onurunu-dik-tutan-salih-mirzabeyoglu-ve-baglilaridir\/"},"author":{"name":"aylikdergisi","@id":"https:\/\/www.aylikdergisi.com\/#\/schema\/person\/f6f24c4fc82f2469847571852b8c65fd"},"headline":"Kaz\u0131m Albayrak: \u201cM\u00fcsl\u00fcmanlar\u0131n onurunu dik tutan Salih Mirzabeyo\u011flu ve ba\u011fl\u0131lar\u0131d\u0131r!\u201d\u00a0","datePublished":"2014-02-01T08:25:45+00:00","dateModified":"2024-08-02T09:21:35+00:00","mainEntityOfPage":{"@id":"https:\/\/www.aylikdergisi.com\/index.php\/2014\/02\/01\/kazim-albayrak-muslumanlarin-onurunu-dik-tutan-salih-mirzabeyoglu-ve-baglilaridir\/"},"wordCount":1452,"commentCount":0,"publisher":{"@id":"https:\/\/www.aylikdergisi.com\/#organization"},"articleSection":["R\u00f6portaj"],"inLanguage":"tr","potentialAction":[{"@type":"CommentAction","name":"Comment","target":["https:\/\/www.aylikdergisi.com\/index.php\/2014\/02\/01\/kazim-albayrak-muslumanlarin-onurunu-dik-tutan-salih-mirzabeyoglu-ve-baglilaridir\/#respond"]}]},{"@type":"WebPage","@id":"https:\/\/www.aylikdergisi.com\/index.php\/2014\/02\/01\/kazim-albayrak-muslumanlarin-onurunu-dik-tutan-salih-mirzabeyoglu-ve-baglilaridir\/","url":"https:\/\/www.aylikdergisi.com\/index.php\/2014\/02\/01\/kazim-albayrak-muslumanlarin-onurunu-dik-tutan-salih-mirzabeyoglu-ve-baglilaridir\/","name":"Kaz\u0131m Albayrak: \u201cM\u00fcsl\u00fcmanlar\u0131n onurunu dik tutan Salih Mirzabeyo\u011flu ve ba\u011fl\u0131lar\u0131d\u0131r!\u201d\u00a0 - Ayl\u0131k Dergisi","isPartOf":{"@id":"https:\/\/www.aylikdergisi.com\/#website"},"datePublished":"2014-02-01T08:25:45+00:00","dateModified":"2024-08-02T09:21:35+00:00","breadcrumb":{"@id":"https:\/\/www.aylikdergisi.com\/index.php\/2014\/02\/01\/kazim-albayrak-muslumanlarin-onurunu-dik-tutan-salih-mirzabeyoglu-ve-baglilaridir\/#breadcrumb"},"inLanguage":"tr","potentialAction":[{"@type":"ReadAction","target":["https:\/\/www.aylikdergisi.com\/index.php\/2014\/02\/01\/kazim-albayrak-muslumanlarin-onurunu-dik-tutan-salih-mirzabeyoglu-ve-baglilaridir\/"]}]},{"@type":"BreadcrumbList","@id":"https:\/\/www.aylikdergisi.com\/index.php\/2014\/02\/01\/kazim-albayrak-muslumanlarin-onurunu-dik-tutan-salih-mirzabeyoglu-ve-baglilaridir\/#breadcrumb","itemListElement":[{"@type":"ListItem","position":1,"name":"Anasayfa","item":"https:\/\/www.aylikdergisi.com\/"},{"@type":"ListItem","position":2,"name":"Kaz\u0131m Albayrak: \u201cM\u00fcsl\u00fcmanlar\u0131n onurunu dik tutan Salih Mirzabeyo\u011flu ve ba\u011fl\u0131lar\u0131d\u0131r!\u201d\u00a0"}]},{"@type":"WebSite","@id":"https:\/\/www.aylikdergisi.com\/#website","url":"https:\/\/www.aylikdergisi.com\/","name":"Ayl\u0131k Dergisi","description":"Fikir, Siyaset, Toplum ve K&uuml;lt&uuml;r Sanat","publisher":{"@id":"https:\/\/www.aylikdergisi.com\/#organization"},"potentialAction":[{"@type":"SearchAction","target":{"@type":"EntryPoint","urlTemplate":"https:\/\/www.aylikdergisi.com\/?s={search_term_string}"},"query-input":{"@type":"PropertyValueSpecification","valueRequired":true,"valueName":"search_term_string"}}],"inLanguage":"tr"},{"@type":"Organization","@id":"https:\/\/www.aylikdergisi.com\/#organization","name":"Ayl\u0131k Dergisi","url":"https:\/\/www.aylikdergisi.com\/","logo":{"@type":"ImageObject","inLanguage":"tr","@id":"https:\/\/www.aylikdergisi.com\/#\/schema\/logo\/image\/","url":"http:\/\/aylikdergisi.com\/wp-content\/uploads\/2023\/03\/cropped-aylik-dergisi-logo-taslak.png","contentUrl":"http:\/\/aylikdergisi.com\/wp-content\/uploads\/2023\/03\/cropped-aylik-dergisi-logo-taslak.png","width":380,"height":287,"caption":"Ayl\u0131k Dergisi"},"image":{"@id":"https:\/\/www.aylikdergisi.com\/#\/schema\/logo\/image\/"},"sameAs":["https:\/\/www.facebook.com\/AylikBaranDergisi","https:\/\/x.com\/Aylik_Dergisi","https:\/\/www.instagram.com\/aylikbarandergisi\/"]},{"@type":"Person","@id":"https:\/\/www.aylikdergisi.com\/#\/schema\/person\/f6f24c4fc82f2469847571852b8c65fd","name":"aylikdergisi","image":{"@type":"ImageObject","inLanguage":"tr","@id":"https:\/\/www.aylikdergisi.com\/#\/schema\/person\/image\/794c885c93221403cc418bbc3f8b6bb9","url":"https:\/\/secure.gravatar.com\/avatar\/d913209259cea2fbc9e0fe2b58775b1e647df1ee76ecf3e69623cc9249747609?s=96&d=mm&r=g","contentUrl":"https:\/\/secure.gravatar.com\/avatar\/d913209259cea2fbc9e0fe2b58775b1e647df1ee76ecf3e69623cc9249747609?s=96&d=mm&r=g","caption":"aylikdergisi"},"sameAs":["http:\/\/aylikdergisi.com"],"url":"https:\/\/www.aylikdergisi.com\/index.php\/author\/admin\/"}]}},"authors":[{"term_id":15,"user_id":0,"is_guest":1,"slug":"kazim-albay","display_name":"Kaz\u0131m Albay","avatar_url":"https:\/\/secure.gravatar.com\/avatar\/?s=96&d=mm&r=g","author_category":"","user_url":"","last_name":"","first_name":"","job_title":"","description":""}],"_links":{"self":[{"href":"https:\/\/www.aylikdergisi.com\/index.php\/wp-json\/wp\/v2\/posts\/671","targetHints":{"allow":["GET"]}}],"collection":[{"href":"https:\/\/www.aylikdergisi.com\/index.php\/wp-json\/wp\/v2\/posts"}],"about":[{"href":"https:\/\/www.aylikdergisi.com\/index.php\/wp-json\/wp\/v2\/types\/post"}],"author":[{"embeddable":true,"href":"https:\/\/www.aylikdergisi.com\/index.php\/wp-json\/wp\/v2\/users\/1"}],"replies":[{"embeddable":true,"href":"https:\/\/www.aylikdergisi.com\/index.php\/wp-json\/wp\/v2\/comments?post=671"}],"version-history":[{"count":1,"href":"https:\/\/www.aylikdergisi.com\/index.php\/wp-json\/wp\/v2\/posts\/671\/revisions"}],"predecessor-version":[{"id":672,"href":"https:\/\/www.aylikdergisi.com\/index.php\/wp-json\/wp\/v2\/posts\/671\/revisions\/672"}],"wp:attachment":[{"href":"https:\/\/www.aylikdergisi.com\/index.php\/wp-json\/wp\/v2\/media?parent=671"}],"wp:term":[{"taxonomy":"category","embeddable":true,"href":"https:\/\/www.aylikdergisi.com\/index.php\/wp-json\/wp\/v2\/categories?post=671"},{"taxonomy":"post_tag","embeddable":true,"href":"https:\/\/www.aylikdergisi.com\/index.php\/wp-json\/wp\/v2\/tags?post=671"},{"taxonomy":"author","embeddable":true,"href":"https:\/\/www.aylikdergisi.com\/index.php\/wp-json\/wp\/v2\/ppma_author?post=671"}],"curies":[{"name":"wp","href":"https:\/\/api.w.org\/{rel}","templated":true}]}}