{"id":647,"date":"2013-11-01T08:00:18","date_gmt":"2013-11-01T08:00:18","guid":{"rendered":"https:\/\/www.aylikdergisi.com\/?p=647"},"modified":"2024-08-02T08:03:48","modified_gmt":"2024-08-02T08:03:48","slug":"sitki-caney-ile-soylesi","status":"publish","type":"post","link":"https:\/\/www.aylikdergisi.com\/index.php\/2013\/11\/01\/sitki-caney-ile-soylesi\/","title":{"rendered":"S\u0131tk\u0131 Caney ile S\u00f6yle\u015fi"},"content":{"rendered":"<p>Okurlar\u0131m\u0131z\u0131n tan\u0131mas\u0131 a\u00e7\u0131s\u0131ndan bize kendinizi tan\u0131t\u0131r m\u0131s\u0131n\u0131z?<\/p>\n<p>16 \u015eubat 2009\u2019da gen\u00e7 ya\u015fta elim bir trafik kazas\u0131 sonucu aram\u0131zdan ayr\u0131lan can arkada\u015f\u0131m \u015fair yazar Mehmet Sait Yakut hakk\u0131mda \u015f\u00f6yle yazm\u0131\u015ft\u0131:<\/p>\n<p>\u201cCendereler i\u00e7in de burga\u00e7lanan r\u00fczg\u00e2r\u0131n, tutunup sa\u00e7lar\u0131na g\u00f6kte da\u011f\u0131lan adam\u2026 A\u011fd\u0131k\u00e7a kendi ba\u015f\u0131na k\u00fcl olup ya\u011fan\u2026 K\u00fclleri kar\u0131ld\u0131k\u00e7a \u00e7\u0131lg\u0131nca yalazlanan\u2026 Matemi h\u00fcseyni, makam\u0131 h\u00fczzam\u2026 Ziya G\u00f6kalp\u2019te K\u00fcrt\u00e7e hayal kurarken su\u00e7\u00fcst\u00fc bas\u0131lan adam\u2026 M\u00fcsekkin bir dua, m\u00fctebessim bir keder\u2026 Kendini u\u011furlay\u0131p kendini kar\u015f\u0131layan ve \u00f6l\u00fcm\u00fc \u00f6m\u00fcrlere yak\u0131\u015ft\u0131ran hece hece gam&#8230; \u201cEy\u201din \u015fairi S\u0131tk\u0131 Caney ve onun ka\u00e7g\u0131n yolda\u015f\u0131, Ebuzeran!\u201d<\/p>\n<p>Beni k\u0131sa ve \u00f6z olarak \u00e7ok iyi anlatan c\u00fcmlelerdi bunlar. Benim buna ekleyebilece\u011fim sadece hayat\u0131ma dair birka\u00e7 s\u0131radan c\u00fcmle: 1961 y\u0131l\u0131nda Bing\u00f6l\u2019de do\u011fdum. \u0130lk ve orta\u00f6\u011frenimini Elaz\u0131\u011f\u2019da tamamlad\u0131ktan sonra 1984 y\u0131l\u0131nda \u0130stanbul \u00dcniversitesi Hukuk Fak\u00fcltesinden mezun oldum.<\/p>\n<p>Kendimi Bing\u00f6ll\u00fc, Elaz\u0131\u011fl\u0131 ve \u0130stanbullu sayd\u0131\u011f\u0131m kadar Dersimli, Diyarbekirli ve Mersinli de sayar\u0131m. Serbest avukatl\u0131k mesle\u011fi d\u0131\u015f\u0131nda reklam ajans\u0131nda, film yap\u0131m \u015firketinde, yay\u0131nevinde, gazetede, televizyonda, tu\u011fla oca\u011f\u0131nda, in\u015faatta vb. i\u015flerde \u00e7al\u0131\u015ft\u0131m.<\/p>\n<p>\u015eiirlerim; Mu\u015ftu, Ayl\u0131kdergi, Mavera, Albatros, \u00dc\u00e7 \u00c7i\u00e7ek, G\u00f6\u00e7ebe, Kay\u0131tlar, Yediiklim, \u0130pekdili, \u015eiirin, E, Ger\u00e7ek Hayat, Yarat\u0131m, K\u0131rklar, Yolcu, Aprin\u00e7or, Temrin, \u0130htiyar, Tahkim, K\u00fbn dergilerinde yay\u0131nland\u0131.<\/p>\n<p>Yaz\u0131lar\u0131mla ge\u00e7mi\u015fte \u201cyeni devir\u201d ve \u201cYeni \u015eafak\u201d gazetelerinde yer ald\u0131m, en son Timeturk\u2019te yazd\u0131m.<\/p>\n<p>\u015eiir kitaplar\u0131m: LAYYA \/ \u0130T\u0130RAF VE G\u0130ZEM \/ BANA SONSUZLUK D\u0130LE \/ EBUZERAN<\/p>\n<p>Biraz evvel ki su\u00e2li, bir de \u015f\u00f6yle sormak istiyoruz: S\u0131tk\u0131 Caney\u2019in r\u00fcy\u00e2s\u0131 nedir? \u0130dealleri, hayata bak\u0131\u015f a\u00e7\u0131s\u0131, onu kavray\u0131\u015f bi\u00e7imi?<\/p>\n<p>Tek bir r\u00fcyam var; B\u00fct\u00fcn mazlumlar\u0131n b\u00fct\u00fcn yery\u00fcz\u00fcnde Allah\u2019\u0131n vaat etti\u011fi \u015fekilde iktidar oldu\u011fu, \u0130slam Milleti\u2019nin Hakikat\u2019in ayd\u0131nl\u0131\u011f\u0131na kavu\u015ftu\u011fu yeniden birlik oldu\u011fu g\u00fcnleri \u00f6lmeden \u00f6nce g\u00f6rebilmek.. Ki\u015fisel hi\u00e7bir idealim yok, varolu\u015fun k\u00fcnh\u00fcne varabilmek ve b\u00f6ylece d\u00fcnyadaki s\u0131nav\u0131m\u0131 verebilmekten ba\u015fka. Hayata bak\u0131\u015f\u0131m\u0131 da buna nispetle anlamland\u0131rabiliyorum, yani hayat yani \u015fu ya\u015fad\u0131\u011f\u0131m\u0131z d\u00fcnya g\u00fcnleri do\u011fumdan \u00f6l\u00fcme dek sadece \u201cs\u0131nav\u201ddan ibarettir, iyi do\u011fru ve g\u00fczel yolunda y\u00fcr\u00fcyebilme, varolu\u015fun k\u00fcnh\u00fcne varabilme, rabbini bilebilme s\u0131nav\u0131&#8230;<\/p>\n<p>Sanat hayat\u0131n\u0131z?<\/p>\n<p>Benim i\u00e7in yanl\u0131\u015f bir soru. Herkes gibi benim de bir tek hayat\u0131m var. Hayat; sanat hayat\u0131, dini hayat, i\u015f hayat\u0131 diye tasnif edilemez bence\u2026<\/p>\n<p>\u015eiire olan merak\u0131n\u0131z ne zaman ba\u015flad\u0131? \u0130lk \u015fiirinizi ne zaman yazd\u0131n\u0131z, hat\u0131rl\u0131yor musunuz?<\/p>\n<p>\u015eiiri be\u015f ya\u015f\u0131mda dinlemeye, yedi ya\u015f\u0131mda okumaya, 12 ya\u015f\u0131mda yazmaya ba\u015flad\u0131m. Yay\u0131nlanan ilk \u015fiirim 15 ya\u015f\u0131nda Mu\u015ftu dergisinde\u2026<\/p>\n<p>\u015eair\u2019in bu d\u00fcnyadaki g\u00f6revi nedir? Hi\u00e7 ula\u015famayaca\u011f\u0131 bir \u015feyleri mi arar? Bo\u011fuk bo\u011fuk bir \u015feyler mi m\u0131r\u0131ldan\u0131r kendi dilince yahut ta o, \u015fiirden anlamayanlarca yaln\u0131zl\u0131\u011fa terk edilmi\u015f bir k\u00fcrek mahk\u00fbmu mu? Kimdir \u015fair; ba\u015fka i\u015fi g\u00fcc\u00fc yok k\u00e2inat\u0131n s\u0131rlar\u0131na g\u00f6z dikmi\u015f bir avc\u0131 m\u0131? Kim?<\/p>\n<p>\u015eair\u2019in de herkes gibi bu d\u00fcnyadaki g\u00f6revi s\u0131nav\u0131n\u0131 verebilmekten ibarettir. \u00dcstad Necip Faz\u0131l K\u0131sak\u00fcrek \u201cBen \u015fairim, gaibi kurcalayan \u00e7ilingir\u201d diyerek \u015fairin bu fani d\u00fcnyada sonsuza nispetle durdu\u011fu yeri ya da s\u0131rra do\u011fru y\u00fcr\u00fcd\u00fc\u011f\u00fc yolu \u00e7ok g\u00fczel ifade etmi\u015ftir. Evet, \u015fair<\/p>\n<p>bilinmeyenin kilitli kap\u0131lar\u0131n\u0131 a\u00e7maya \u00e7al\u0131\u015fan, bunun i\u00e7in kelimelerden anahtarlar yapan b\u00f6ylece hikmet\u2019i aralayand\u0131r.<\/p>\n<p>Sizce \u015fiir\u2019in gayesi nedir ve bu gaye\u2019ye ba\u011fl\u0131 m\u00e2n\u00e2 nedir, ne olmal\u0131d\u0131r?<\/p>\n<p>\u201c\u015eiir\u2019in gayesi\u201d demek yerine \u201c\u015fair, \u015fiirle nereye varmay\u0131 ama\u00e7lar\u201d demek daha do\u011fru olur san\u0131r\u0131m. Bana g\u00f6re \u015fair yazd\u0131\u011f\u0131 ya da s\u00f6yledi\u011fi \u015fiirliye, \u015fiire muhatap olan\u0131n zihninde ve g\u00f6nl\u00fcnde yeni bir alan, yeni bir pencere a\u00e7mak, idrakini g\u00f6r\u00fcnenin \u00f6tesine y\u00f6neltmek, onu s\u00fcfli olandan ulvi olana y\u00fckseltmek ister. B\u00f6yle bir i\u015flevi olmayan \u015fiiri hi\u00e7 \u00e7ekinmeden s\u00fcfli \u015fiirler sepetine atabilirsiniz.<\/p>\n<p>Bug\u00fcnk\u00fc T\u00fcrk \u015fiir, sanat ve edebiyat\u0131 hakk\u0131ndaki g\u00f6r\u00fc\u015fleriniz?<\/p>\n<p>\u0130stisnalar\u0131 saymazsak, asl\u0131nda fena halde can\u00e7eki\u015fen ama bu can\u00e7eki\u015fmeyi yeni bir do\u011fum sanc\u0131s\u0131ndan da \u00f6te kemale ermi\u015f \u00fcretimlerin ve yeni deneyimlerin muhte\u015fem g\u00f6sterisi gibi sunan bir sanat edebiyat \u201cpiyasa\u201ds\u0131 var<\/p>\n<p>Belli bir noktay\u0131 i\u015faret ederek sorarsak, Divan Edebiyat\u0131\u2019ndan bu yana gelen anlay\u0131\u015flar\u0131 bir yana b\u0131rakarak soral\u0131m: g\u00fcn\u00fcm\u00fcze has bir \u015fiir anlay\u0131\u015f\u0131 var m\u0131? Varsa bunu kim belirliyor, Frans\u0131z Akademisi gibi bir \u201conay\u201d oca\u011f\u0131 m\u0131 yahut benzer te\u015fekk\u00fcller mi? Yoksa her \u00f6n\u00fcne gelenin kafas\u0131na g\u00f6re d\u00e2hil oldu\u011fu bir ka\u00e7\u0131klar panay\u0131r\u0131n\u0131n m\u00fcsveddeleri mi belirliyor?<\/p>\n<p>G\u00fcn\u00fcm\u00fcze has belirgin bir ya da birka\u00e7 \u015fiir anlay\u0131\u015f\u0131n\u0131n varl\u0131\u011f\u0131ndan s\u00f6z edebilmek i\u00e7in g\u00fcn\u00fcm\u00fcz \u015fairlerinin \u015fiirlerine ve ele\u015ftirmenlerin onlar\u0131 nas\u0131l de\u011ferlendirdiklerine bakmal\u0131 ki durum \u201cherkes kendi \u00e2leminde, her \u015fairin anlay\u0131\u015f\u0131 da \u015fiiri de kendine\u2026\u201d \u015feklinde \u00f6zetlenebilir bence. \u00d6yle onay makam\u0131 ya da belirleyici kimse yok yani\u2026 Ama \u201cpiyasa\u201d var ve piyasan\u0131n yani kapitalizmin kurallar\u0131 var tabii.. Elbette piyasaya teslim olmayan, boyun e\u011fmeyen \u015fairler de her zaman olacak say\u0131lar\u0131 \u00e7ok az olsa da\u2026<\/p>\n<p>Bir T\u00fcrk \u015fiir akademisi kurulacak olsa \u201con ki\u015filik olsun bir k\u00fclt\u00fcr \u015febekesi\u201d kurabilecek bir yetkinli\u011fi var m\u0131 bug\u00fcnk\u00fc sanatk\u00e2rlar\u0131m\u0131z\u0131n?<\/p>\n<p>Bu soruya cevap vermesem\u2026 Birilerinin beni \u201cukala\u201d sanmas\u0131n\u0131 istemem.<\/p>\n<p>Peki, Ebuzeran kimdir? Okurlar\u0131m\u0131za b\u00f6yle bir suali nas\u0131l cevaplars\u0131n\u0131z?<\/p>\n<p>Ebuzeran, Ebuzerler demek. Sahabe Ebuzer Gaffari gibi haks\u0131zl\u0131k kar\u015f\u0131s\u0131nda susmayan, yoksullar\u0131n, gariplerin, mazlumlar\u0131n hakk\u0131n\u0131 arayan, zalimden hesap soran herkes.. K\u0131rk b\u00f6l\u00fcmden olu\u015fan Ebuzeran \u015fiiri b\u00fct\u00fcn zamanlar\u0131n b\u00fct\u00fcn devrimcilerinin b\u00fct\u00fcn ebuzerlerinin sesi olsun istedim.<\/p>\n<p>Salih Mirzabeyo\u011flu\u2019na ithaf etti\u011finiz bir \u015fiiriniz var; \u00fc\u00e7\u00fcnc\u00fc b\u00f6l\u00fcm\u00fc ile \u201cbitti\u201d zannetmi\u015ftik ama birden devam b\u00f6l\u00fcmleri geldi. Hik\u00e2yesi nedir bu \u015fiirlerin?<\/p>\n<p>Evet, \u201cb\u00fct\u00fcn ak\u0131nc\u0131lar ad\u0131na\u201d \u201cKumandan\u2019a\u201d \u015fiiri\u2026 \u015eimdiye kadar yedi b\u00f6l\u00fcm yazd\u0131m. Ka\u00e7 b\u00f6l\u00fcm daha olur bilmiyorum. Nasip. \u201cHik\u00e2yesi nedir bu \u015fiirlerin?\u201d, zor bir soru. Hik\u00e2ye edilemeyecek kadar karma\u015f\u0131k bir hal yazd\u0131rd\u0131 bana bu \u015fiirleri ve yazd\u0131racak. R\u00fcyayla, duayla, vefayla, g\u00f6n\u00fclda\u015flar\u0131n anlatt\u0131klar\u0131yla beslenen bir hal. S\u00f6z a\u00e7\u0131lm\u0131\u015fken dua etmelerini istiyorum b\u00fct\u00fcn \u201cAyl\u0131k\u201d okuyucular\u0131ndan, Salih Mirzabeyo\u011flu\u2019na \u00d6zg\u00fcrl\u00fck i\u00e7in.<\/p>\n","protected":false},"excerpt":{"rendered":"<p>Okurlar\u0131m\u0131z\u0131n tan\u0131mas\u0131 a\u00e7\u0131s\u0131ndan bize kendinizi tan\u0131t\u0131r m\u0131s\u0131n\u0131z? 16 \u015eubat 2009\u2019da gen\u00e7 ya\u015fta elim bir trafik kazas\u0131 sonucu aram\u0131zdan ayr\u0131lan can arkada\u015f\u0131m \u015fair yazar Mehmet Sait Yakut hakk\u0131mda \u015f\u00f6yle yazm\u0131\u015ft\u0131: \u201cCendereler&hellip;<\/p>\n","protected":false},"author":1,"featured_media":0,"comment_status":"open","ping_status":"open","sticky":false,"template":"","format":"standard","meta":{"footnotes":""},"categories":[1],"tags":[],"ppma_author":[14],"class_list":["post-647","post","type-post","status-publish","format-standard","hentry","category-roportaj","author-admin","no-post-thumbnail"],"yoast_head":"<!-- This site is optimized with the Yoast SEO plugin v26.8 - https:\/\/yoast.com\/product\/yoast-seo-wordpress\/ -->\n<title>S\u0131tk\u0131 Caney ile S\u00f6yle\u015fi - Ayl\u0131k Dergisi<\/title>\n<meta name=\"robots\" content=\"index, follow, max-snippet:-1, max-image-preview:large, max-video-preview:-1\" \/>\n<link rel=\"canonical\" href=\"https:\/\/www.aylikdergisi.com\/index.php\/2013\/11\/01\/sitki-caney-ile-soylesi\/\" \/>\n<meta property=\"og:locale\" content=\"tr_TR\" \/>\n<meta property=\"og:type\" content=\"article\" \/>\n<meta property=\"og:title\" content=\"S\u0131tk\u0131 Caney ile S\u00f6yle\u015fi - Ayl\u0131k Dergisi\" \/>\n<meta property=\"og:description\" content=\"Okurlar\u0131m\u0131z\u0131n tan\u0131mas\u0131 a\u00e7\u0131s\u0131ndan bize kendinizi tan\u0131t\u0131r m\u0131s\u0131n\u0131z? 16 \u015eubat 2009\u2019da gen\u00e7 ya\u015fta elim bir trafik kazas\u0131 sonucu aram\u0131zdan ayr\u0131lan can arkada\u015f\u0131m \u015fair yazar Mehmet Sait Yakut hakk\u0131mda \u015f\u00f6yle yazm\u0131\u015ft\u0131: \u201cCendereler&hellip;\" \/>\n<meta property=\"og:url\" content=\"https:\/\/www.aylikdergisi.com\/index.php\/2013\/11\/01\/sitki-caney-ile-soylesi\/\" \/>\n<meta property=\"og:site_name\" content=\"Ayl\u0131k Dergisi\" \/>\n<meta property=\"article:publisher\" content=\"https:\/\/www.facebook.com\/AylikBaranDergisi\" \/>\n<meta property=\"article:published_time\" content=\"2013-11-01T08:00:18+00:00\" \/>\n<meta property=\"article:modified_time\" content=\"2024-08-02T08:03:48+00:00\" \/>\n<meta name=\"author\" content=\"aylikdergisi\" \/>\n<meta name=\"twitter:card\" content=\"summary_large_image\" \/>\n<meta name=\"twitter:creator\" content=\"@Aylik_Dergisi\" \/>\n<meta name=\"twitter:site\" content=\"@Aylik_Dergisi\" \/>\n<meta name=\"twitter:label1\" content=\"Yazan:\" \/>\n\t<meta name=\"twitter:data1\" content=\"aylikdergisi\" \/>\n\t<meta name=\"twitter:label2\" content=\"Tahmini okuma s\u00fcresi\" \/>\n\t<meta name=\"twitter:data2\" content=\"5 dakika\" \/>\n<script type=\"application\/ld+json\" class=\"yoast-schema-graph\">{\"@context\":\"https:\/\/schema.org\",\"@graph\":[{\"@type\":\"Article\",\"@id\":\"https:\/\/www.aylikdergisi.com\/index.php\/2013\/11\/01\/sitki-caney-ile-soylesi\/#article\",\"isPartOf\":{\"@id\":\"https:\/\/www.aylikdergisi.com\/index.php\/2013\/11\/01\/sitki-caney-ile-soylesi\/\"},\"author\":{\"name\":\"aylikdergisi\",\"@id\":\"https:\/\/www.aylikdergisi.com\/#\/schema\/person\/f6f24c4fc82f2469847571852b8c65fd\"},\"headline\":\"S\u0131tk\u0131 Caney ile S\u00f6yle\u015fi\",\"datePublished\":\"2013-11-01T08:00:18+00:00\",\"dateModified\":\"2024-08-02T08:03:48+00:00\",\"mainEntityOfPage\":{\"@id\":\"https:\/\/www.aylikdergisi.com\/index.php\/2013\/11\/01\/sitki-caney-ile-soylesi\/\"},\"wordCount\":1220,\"commentCount\":0,\"publisher\":{\"@id\":\"https:\/\/www.aylikdergisi.com\/#organization\"},\"articleSection\":[\"R\u00f6portaj\"],\"inLanguage\":\"tr\",\"potentialAction\":[{\"@type\":\"CommentAction\",\"name\":\"Comment\",\"target\":[\"https:\/\/www.aylikdergisi.com\/index.php\/2013\/11\/01\/sitki-caney-ile-soylesi\/#respond\"]}]},{\"@type\":\"WebPage\",\"@id\":\"https:\/\/www.aylikdergisi.com\/index.php\/2013\/11\/01\/sitki-caney-ile-soylesi\/\",\"url\":\"https:\/\/www.aylikdergisi.com\/index.php\/2013\/11\/01\/sitki-caney-ile-soylesi\/\",\"name\":\"S\u0131tk\u0131 Caney ile S\u00f6yle\u015fi - Ayl\u0131k Dergisi\",\"isPartOf\":{\"@id\":\"https:\/\/www.aylikdergisi.com\/#website\"},\"datePublished\":\"2013-11-01T08:00:18+00:00\",\"dateModified\":\"2024-08-02T08:03:48+00:00\",\"breadcrumb\":{\"@id\":\"https:\/\/www.aylikdergisi.com\/index.php\/2013\/11\/01\/sitki-caney-ile-soylesi\/#breadcrumb\"},\"inLanguage\":\"tr\",\"potentialAction\":[{\"@type\":\"ReadAction\",\"target\":[\"https:\/\/www.aylikdergisi.com\/index.php\/2013\/11\/01\/sitki-caney-ile-soylesi\/\"]}]},{\"@type\":\"BreadcrumbList\",\"@id\":\"https:\/\/www.aylikdergisi.com\/index.php\/2013\/11\/01\/sitki-caney-ile-soylesi\/#breadcrumb\",\"itemListElement\":[{\"@type\":\"ListItem\",\"position\":1,\"name\":\"Anasayfa\",\"item\":\"https:\/\/www.aylikdergisi.com\/\"},{\"@type\":\"ListItem\",\"position\":2,\"name\":\"S\u0131tk\u0131 Caney ile S\u00f6yle\u015fi\"}]},{\"@type\":\"WebSite\",\"@id\":\"https:\/\/www.aylikdergisi.com\/#website\",\"url\":\"https:\/\/www.aylikdergisi.com\/\",\"name\":\"Ayl\u0131k Dergisi\",\"description\":\"Fikir, Siyaset, Toplum ve K&uuml;lt&uuml;r Sanat\",\"publisher\":{\"@id\":\"https:\/\/www.aylikdergisi.com\/#organization\"},\"potentialAction\":[{\"@type\":\"SearchAction\",\"target\":{\"@type\":\"EntryPoint\",\"urlTemplate\":\"https:\/\/www.aylikdergisi.com\/?s={search_term_string}\"},\"query-input\":{\"@type\":\"PropertyValueSpecification\",\"valueRequired\":true,\"valueName\":\"search_term_string\"}}],\"inLanguage\":\"tr\"},{\"@type\":\"Organization\",\"@id\":\"https:\/\/www.aylikdergisi.com\/#organization\",\"name\":\"Ayl\u0131k Dergisi\",\"url\":\"https:\/\/www.aylikdergisi.com\/\",\"logo\":{\"@type\":\"ImageObject\",\"inLanguage\":\"tr\",\"@id\":\"https:\/\/www.aylikdergisi.com\/#\/schema\/logo\/image\/\",\"url\":\"http:\/\/aylikdergisi.com\/wp-content\/uploads\/2023\/03\/cropped-aylik-dergisi-logo-taslak.png\",\"contentUrl\":\"http:\/\/aylikdergisi.com\/wp-content\/uploads\/2023\/03\/cropped-aylik-dergisi-logo-taslak.png\",\"width\":380,\"height\":287,\"caption\":\"Ayl\u0131k Dergisi\"},\"image\":{\"@id\":\"https:\/\/www.aylikdergisi.com\/#\/schema\/logo\/image\/\"},\"sameAs\":[\"https:\/\/www.facebook.com\/AylikBaranDergisi\",\"https:\/\/x.com\/Aylik_Dergisi\",\"https:\/\/www.instagram.com\/aylikbarandergisi\/\"]},{\"@type\":\"Person\",\"@id\":\"https:\/\/www.aylikdergisi.com\/#\/schema\/person\/f6f24c4fc82f2469847571852b8c65fd\",\"name\":\"aylikdergisi\",\"image\":{\"@type\":\"ImageObject\",\"inLanguage\":\"tr\",\"@id\":\"https:\/\/www.aylikdergisi.com\/#\/schema\/person\/image\/794c885c93221403cc418bbc3f8b6bb9\",\"url\":\"https:\/\/secure.gravatar.com\/avatar\/d913209259cea2fbc9e0fe2b58775b1e647df1ee76ecf3e69623cc9249747609?s=96&d=mm&r=g\",\"contentUrl\":\"https:\/\/secure.gravatar.com\/avatar\/d913209259cea2fbc9e0fe2b58775b1e647df1ee76ecf3e69623cc9249747609?s=96&d=mm&r=g\",\"caption\":\"aylikdergisi\"},\"sameAs\":[\"http:\/\/aylikdergisi.com\"],\"url\":\"https:\/\/www.aylikdergisi.com\/index.php\/author\/admin\/\"}]}<\/script>\n<!-- \/ Yoast SEO plugin. -->","yoast_head_json":{"title":"S\u0131tk\u0131 Caney ile S\u00f6yle\u015fi - Ayl\u0131k Dergisi","robots":{"index":"index","follow":"follow","max-snippet":"max-snippet:-1","max-image-preview":"max-image-preview:large","max-video-preview":"max-video-preview:-1"},"canonical":"https:\/\/www.aylikdergisi.com\/index.php\/2013\/11\/01\/sitki-caney-ile-soylesi\/","og_locale":"tr_TR","og_type":"article","og_title":"S\u0131tk\u0131 Caney ile S\u00f6yle\u015fi - Ayl\u0131k Dergisi","og_description":"Okurlar\u0131m\u0131z\u0131n tan\u0131mas\u0131 a\u00e7\u0131s\u0131ndan bize kendinizi tan\u0131t\u0131r m\u0131s\u0131n\u0131z? 16 \u015eubat 2009\u2019da gen\u00e7 ya\u015fta elim bir trafik kazas\u0131 sonucu aram\u0131zdan ayr\u0131lan can arkada\u015f\u0131m \u015fair yazar Mehmet Sait Yakut hakk\u0131mda \u015f\u00f6yle yazm\u0131\u015ft\u0131: \u201cCendereler&hellip;","og_url":"https:\/\/www.aylikdergisi.com\/index.php\/2013\/11\/01\/sitki-caney-ile-soylesi\/","og_site_name":"Ayl\u0131k Dergisi","article_publisher":"https:\/\/www.facebook.com\/AylikBaranDergisi","article_published_time":"2013-11-01T08:00:18+00:00","article_modified_time":"2024-08-02T08:03:48+00:00","author":"aylikdergisi","twitter_card":"summary_large_image","twitter_creator":"@Aylik_Dergisi","twitter_site":"@Aylik_Dergisi","twitter_misc":{"Yazan:":"aylikdergisi","Tahmini okuma s\u00fcresi":"5 dakika"},"schema":{"@context":"https:\/\/schema.org","@graph":[{"@type":"Article","@id":"https:\/\/www.aylikdergisi.com\/index.php\/2013\/11\/01\/sitki-caney-ile-soylesi\/#article","isPartOf":{"@id":"https:\/\/www.aylikdergisi.com\/index.php\/2013\/11\/01\/sitki-caney-ile-soylesi\/"},"author":{"name":"aylikdergisi","@id":"https:\/\/www.aylikdergisi.com\/#\/schema\/person\/f6f24c4fc82f2469847571852b8c65fd"},"headline":"S\u0131tk\u0131 Caney ile S\u00f6yle\u015fi","datePublished":"2013-11-01T08:00:18+00:00","dateModified":"2024-08-02T08:03:48+00:00","mainEntityOfPage":{"@id":"https:\/\/www.aylikdergisi.com\/index.php\/2013\/11\/01\/sitki-caney-ile-soylesi\/"},"wordCount":1220,"commentCount":0,"publisher":{"@id":"https:\/\/www.aylikdergisi.com\/#organization"},"articleSection":["R\u00f6portaj"],"inLanguage":"tr","potentialAction":[{"@type":"CommentAction","name":"Comment","target":["https:\/\/www.aylikdergisi.com\/index.php\/2013\/11\/01\/sitki-caney-ile-soylesi\/#respond"]}]},{"@type":"WebPage","@id":"https:\/\/www.aylikdergisi.com\/index.php\/2013\/11\/01\/sitki-caney-ile-soylesi\/","url":"https:\/\/www.aylikdergisi.com\/index.php\/2013\/11\/01\/sitki-caney-ile-soylesi\/","name":"S\u0131tk\u0131 Caney ile S\u00f6yle\u015fi - Ayl\u0131k Dergisi","isPartOf":{"@id":"https:\/\/www.aylikdergisi.com\/#website"},"datePublished":"2013-11-01T08:00:18+00:00","dateModified":"2024-08-02T08:03:48+00:00","breadcrumb":{"@id":"https:\/\/www.aylikdergisi.com\/index.php\/2013\/11\/01\/sitki-caney-ile-soylesi\/#breadcrumb"},"inLanguage":"tr","potentialAction":[{"@type":"ReadAction","target":["https:\/\/www.aylikdergisi.com\/index.php\/2013\/11\/01\/sitki-caney-ile-soylesi\/"]}]},{"@type":"BreadcrumbList","@id":"https:\/\/www.aylikdergisi.com\/index.php\/2013\/11\/01\/sitki-caney-ile-soylesi\/#breadcrumb","itemListElement":[{"@type":"ListItem","position":1,"name":"Anasayfa","item":"https:\/\/www.aylikdergisi.com\/"},{"@type":"ListItem","position":2,"name":"S\u0131tk\u0131 Caney ile S\u00f6yle\u015fi"}]},{"@type":"WebSite","@id":"https:\/\/www.aylikdergisi.com\/#website","url":"https:\/\/www.aylikdergisi.com\/","name":"Ayl\u0131k Dergisi","description":"Fikir, Siyaset, Toplum ve K&uuml;lt&uuml;r Sanat","publisher":{"@id":"https:\/\/www.aylikdergisi.com\/#organization"},"potentialAction":[{"@type":"SearchAction","target":{"@type":"EntryPoint","urlTemplate":"https:\/\/www.aylikdergisi.com\/?s={search_term_string}"},"query-input":{"@type":"PropertyValueSpecification","valueRequired":true,"valueName":"search_term_string"}}],"inLanguage":"tr"},{"@type":"Organization","@id":"https:\/\/www.aylikdergisi.com\/#organization","name":"Ayl\u0131k Dergisi","url":"https:\/\/www.aylikdergisi.com\/","logo":{"@type":"ImageObject","inLanguage":"tr","@id":"https:\/\/www.aylikdergisi.com\/#\/schema\/logo\/image\/","url":"http:\/\/aylikdergisi.com\/wp-content\/uploads\/2023\/03\/cropped-aylik-dergisi-logo-taslak.png","contentUrl":"http:\/\/aylikdergisi.com\/wp-content\/uploads\/2023\/03\/cropped-aylik-dergisi-logo-taslak.png","width":380,"height":287,"caption":"Ayl\u0131k Dergisi"},"image":{"@id":"https:\/\/www.aylikdergisi.com\/#\/schema\/logo\/image\/"},"sameAs":["https:\/\/www.facebook.com\/AylikBaranDergisi","https:\/\/x.com\/Aylik_Dergisi","https:\/\/www.instagram.com\/aylikbarandergisi\/"]},{"@type":"Person","@id":"https:\/\/www.aylikdergisi.com\/#\/schema\/person\/f6f24c4fc82f2469847571852b8c65fd","name":"aylikdergisi","image":{"@type":"ImageObject","inLanguage":"tr","@id":"https:\/\/www.aylikdergisi.com\/#\/schema\/person\/image\/794c885c93221403cc418bbc3f8b6bb9","url":"https:\/\/secure.gravatar.com\/avatar\/d913209259cea2fbc9e0fe2b58775b1e647df1ee76ecf3e69623cc9249747609?s=96&d=mm&r=g","contentUrl":"https:\/\/secure.gravatar.com\/avatar\/d913209259cea2fbc9e0fe2b58775b1e647df1ee76ecf3e69623cc9249747609?s=96&d=mm&r=g","caption":"aylikdergisi"},"sameAs":["http:\/\/aylikdergisi.com"],"url":"https:\/\/www.aylikdergisi.com\/index.php\/author\/admin\/"}]}},"authors":[{"term_id":14,"user_id":1,"is_guest":0,"slug":"admin","display_name":"aylikdergisi","avatar_url":"https:\/\/secure.gravatar.com\/avatar\/72d88977e7edd63669015a131160b7255adb4b26ec9dfe844962f6640dc09e99?s=96&d=mm&r=g","author_category":"","user_url":"http:\/\/aylikdergisi.com","last_name":"","first_name":"","job_title":"","description":""}],"_links":{"self":[{"href":"https:\/\/www.aylikdergisi.com\/index.php\/wp-json\/wp\/v2\/posts\/647","targetHints":{"allow":["GET"]}}],"collection":[{"href":"https:\/\/www.aylikdergisi.com\/index.php\/wp-json\/wp\/v2\/posts"}],"about":[{"href":"https:\/\/www.aylikdergisi.com\/index.php\/wp-json\/wp\/v2\/types\/post"}],"author":[{"embeddable":true,"href":"https:\/\/www.aylikdergisi.com\/index.php\/wp-json\/wp\/v2\/users\/1"}],"replies":[{"embeddable":true,"href":"https:\/\/www.aylikdergisi.com\/index.php\/wp-json\/wp\/v2\/comments?post=647"}],"version-history":[{"count":1,"href":"https:\/\/www.aylikdergisi.com\/index.php\/wp-json\/wp\/v2\/posts\/647\/revisions"}],"predecessor-version":[{"id":648,"href":"https:\/\/www.aylikdergisi.com\/index.php\/wp-json\/wp\/v2\/posts\/647\/revisions\/648"}],"wp:attachment":[{"href":"https:\/\/www.aylikdergisi.com\/index.php\/wp-json\/wp\/v2\/media?parent=647"}],"wp:term":[{"taxonomy":"category","embeddable":true,"href":"https:\/\/www.aylikdergisi.com\/index.php\/wp-json\/wp\/v2\/categories?post=647"},{"taxonomy":"post_tag","embeddable":true,"href":"https:\/\/www.aylikdergisi.com\/index.php\/wp-json\/wp\/v2\/tags?post=647"},{"taxonomy":"author","embeddable":true,"href":"https:\/\/www.aylikdergisi.com\/index.php\/wp-json\/wp\/v2\/ppma_author?post=647"}],"curies":[{"name":"wp","href":"https:\/\/api.w.org\/{rel}","templated":true}]}}