{"id":515,"date":"2024-01-06T14:06:34","date_gmt":"2024-01-06T14:06:34","guid":{"rendered":"https:\/\/www.aylikdergisi.com\/?p=515"},"modified":"2024-07-31T09:49:21","modified_gmt":"2024-07-31T09:49:21","slug":"aylik-baran-dergisi-23-sayi-cikti","status":"publish","type":"post","link":"https:\/\/www.aylikdergisi.com\/index.php\/2024\/01\/06\/aylik-baran-dergisi-23-sayi-cikti\/","title":{"rendered":"Ayl\u0131k Baran Dergisi 23. Say\u0131 \u00c7\u0131kt\u0131"},"content":{"rendered":"<p>Selam ile\u2026<\/p>\n<p>Filistin\u2019de Siyonistlerin katliamlar\u0131 s\u00fcrerken meydanlar\u0131 dolduran vicdan sahibi halklar d\u0131\u015f\u0131nda devletlerin ve uluslararas\u0131 kurumlar\u0131n sessizli\u011fi de s\u00fcr\u00fcyor.<\/p>\n<p>Bu uluslararas\u0131 kurumlar\u0131n ba\u015f\u0131n\u0131\u00a0<a class=\"internal_link\" title=\"Birle\u015fmi\u015f Milletler\" href=\"https:\/\/www.barandergisi.net\/haberleri\/birlesmis-milletler\" target=\"_blank\" rel=\"noopener\">Birle\u015fmi\u015f Milletler<\/a>\u00a0\u00e7ekiyor. Yap\u0131s\u0131 itibariyle, tek g\u00fcc\u00fc G\u00fcvenlik Konseyi ve bu organ\u0131 da be\u015f devin a\u011fz\u0131ndan \u00e7\u0131kacaklara ba\u011fl\u0131 olan bu m\u00fcessese, kuruldu\u011fu g\u00fcnden bu yana \u00e7\u00f6z\u00fcms\u00fczl\u00fc\u011f\u00fcn merkezi olmay\u0131 s\u00fcrd\u00fcr\u00fcyor. Reform taleplerine kar\u015f\u0131n k\u00f6kten bir de\u011fi\u015fim cevab\u0131 ortaya konulmadan, yani yeni bir d\u00fczen ortaya \u00e7\u0131kmadan her meselenin \u00e7\u00f6z\u00fcms\u00fczl\u00fc\u011fe mahk\u00fbm olaca\u011f\u0131 ise a\u015fikar.<\/p>\n<ul>\n<li>\n<h2><a href=\"https:\/\/www.aylikbaran.com\/product-page\/ayl%C4%B1k-baran-dergisi-23-say%C4%B1-%C3%A7%C4%B1kt%C4%B1\">SATIN ALMAK \u0130\u00c7\u0130N TIKLAYINIZ!<\/a><\/h2>\n<\/li>\n<\/ul>\n<p>Yeni d\u00fczenin do\u011fmas\u0131n\u0131 bekledi\u011fimiz T\u00fcrkiye\u2019de ise hala 100 y\u0131l eskide kalm\u0131\u015f irticai bir ideolojinin tart\u0131\u015fmas\u0131 y\u00fcr\u00fct\u00fcl\u00fcyor. M\u00fcsl\u00fcmanlara d\u00fc\u015fen kurtulu\u015f i\u00e7in bir strateji belirlemek ve harekete ge\u00e7mekken, kimi d\u00fczene yamanm\u0131\u015f, kimi p\u0131s\u0131r\u0131kl\u0131\u011f\u0131ndan sesini \u00e7\u0131karamaz halde k\u0131vran\u0131yor. C\u00fcce kuyruk\u00e7ular ise M\u00fcsl\u00fcmanlar\u0131n bu halinden memnun&#8230;<\/p>\n<p>Kapa\u011f\u0131m\u0131zda bu meseleyi i\u015fledik ve \u201cBirle\u015fmi\u015f Milletler\u00a0<a class=\"internal_link\" title=\"Domuzlar Diktatoryas\u0131\" href=\"https:\/\/www.barandergisi.net\/haberleri\/domuzlar-diktatoryasi\" target=\"_blank\" rel=\"noopener\">Domuzlar Diktatoryas\u0131<\/a>\u00a0ve \u0130\u00e7erideki Kuyruk\u00e7ular\u0131\u201d man\u015fetini att\u0131k.<\/p>\n<p>Kapak mevzumuzu\u00a0<strong>Fatih Haznedar<\/strong>, \u201c\u0130\u00e7te ve D\u0131\u015fta De\u011fi\u015fmeyen D\u00fczen\u201d ba\u015fl\u0131kl\u0131 yaz\u0131s\u0131nda i\u015fledi.<\/p>\n<p><strong>K\u00e2z\u0131m Albay<\/strong>\u00a0\u201cRetorik ve Laf\u0131z \u0130bdac\u0131l\u0131\u011f\u0131 De\u011fil, \u0130man Ve Fikir \u0130bdac\u0131l\u0131\u011f\u0131\u201d ba\u015fl\u0131kl\u0131 yaz\u0131s\u0131nda \u0130bda ve \u0130bdac\u0131l\u0131\u011f\u0131, \u0130bda\u2019n\u0131n insandan ne istedi\u011fini anlat\u0131yor.<\/p>\n<p>Kapak mevzumuzla alakal\u0131 olmas\u0131 hasebiyle m\u00fctefekkir Salih Mirzabeyo\u011flu&#8217;nun Birle\u015fmi\u015f Milletler Te\u015fkil\u00e2t\u0131\u2019na dair fikirlerini sizler i\u00e7in derledik.<\/p>\n<p>Tarih\u00e7i\u00a0<strong>Said Alpsoy<\/strong>\u00a0ile \u0130srail\u2019in kurulu\u015f s\u00fcrecini, Kemalizm ile ili\u015fkisini, Lozan Antla\u015fmas\u0131\u2019n\u0131 konu\u015ftuk. Tarih\u00e7i Alpsoy, &#8220;Kemalizm\u2019le Siyonizm Aras\u0131ndaki Kar\u015f\u0131l\u0131kl\u0131 Sevgi, Ontolojik K\u00f6kenlere Dayan\u0131yor&#8221; dedi.<\/p>\n<p><strong>Abdulkerim Kirac\u0131<\/strong>, \u201cBirle\u015fmi\u015f Milletler\u2019in Ahlaki Zaafiyeti\u201d ba\u015fl\u0131kl\u0131 yaz\u0131s\u0131nda Bat\u0131 merkezli sistemlerin \u00e7\u00fcr\u00fcmekte oldu\u011funu ve bunun da sebebinin ahl\u00e2ki bir yap\u0131yla donat\u0131lmam\u0131\u015f olmas\u0131ndan kaynakland\u0131\u011f\u0131n\u0131 anlat\u0131yor.<\/p>\n<p>Dr.\u00a0<strong>Bar\u0131\u015f Ad\u0131belli<\/strong>\u00a0ile Birle\u015fmi\u015f Milletler\u2019in yap\u0131s\u0131n\u0131, varl\u0131\u011f\u0131n\u0131n be\u015f \u00fclke d\u0131\u015f\u0131nda hi\u00e7bir i\u015fe yaramad\u0131\u011f\u0131n\u0131, \u201cveto\u201d kural\u0131n\u0131n \u00fclkeleri \u00e7aresiz b\u0131rakt\u0131\u011f\u0131n\u0131 ve ABD\u2019nin BM\u2019yi i\u015flemez hale getiri\u015fini konu\u015ftuk.<\/p>\n<p>2023 y\u0131l\u0131 boyunca d\u00fcnya \u00fczerinde ve \u00f6zellikle T\u00fcrkiye\u2019de ya\u015fanan hadiseleri, \u201cPanorama 2023\u201d ba\u015fl\u0131\u011f\u0131 alt\u0131nda toplad\u0131k. Hadiselere bak\u0131ld\u0131\u011f\u0131nda g\u00f6r\u00fclecektir ki, hi\u00e7bir \u015fey diki\u015f tutmuyor ve M\u00fcsl\u00fcman Anadolu\u2019nun yeniden dirili\u015fi yak\u0131nd\u0131r.<\/p>\n<p><strong>M. Taha \u0130nci<\/strong>, \u201cGazze Aynas\u0131nda Ger\u00e7ek ve Sahte\u201d ba\u015fl\u0131kl\u0131 yaz\u0131s\u0131nda Aksa Tufan\u0131 ile d\u00fcnyadaki ger\u00e7ek ve sahtelerin daha da belirginle\u015fti\u011fini, Bat\u0131\u2019n\u0131n paradigmalar\u0131n\u0131n \u00e7\u00f6kt\u00fc\u011f\u00fcn\u00fc anlat\u0131yor.<\/p>\n<p><strong>Muharrem \u00c7etin<\/strong>, \u201cModern D\u00f6nemde \u0130\u015fgal Y\u00f6ntemleri\u201d ba\u015fl\u0131kl\u0131 yaz\u0131s\u0131nda do\u011frudan i\u015fgal y\u00f6ntemlerinin zamanla dolayl\u0131 i\u015fgal y\u00f6ntemlerine evrili\u015fini misalleriyle anlat\u0131yor.<\/p>\n<p><strong>Handan \u00d6zduygu<\/strong>, \u201cKur\u2019an\u2019\u0131n Bahsetti\u011fi M\u00fcsl\u00fcmanlar\u201d\u0131 ayet ve hadislerle aktar\u0131yor.<\/p>\n<p>Aksa Tufan\u0131 kalplerdeki perdeyi kald\u0131rd\u0131. Bat\u0131 \u00e2lemi, \u0130slam\u2019\u0131n berrakl\u0131\u011f\u0131n\u0131, imam\u0131n kokusunu Kassam Tugaylar\u0131 ve gazi Gazzeli halkta g\u00f6rd\u00fc ve onlarca ki\u015fi \u0130slam\u2019la \u015fereflendi. 7 Ekim\u2019den itibaren Gazze\u2019den etkilenip \u0130slam\u2019a giren insanlar\u0131 sizler i\u00e7in derledik.<\/p>\n<p>Bir\u00e7ok kez Allah Resul\u00fc\u2019ne hakaret eden Charlie Hebdo dergisine, hakaretin hesab\u0131n\u0131 soran Kua\u015fi Karde\u015fleri ele ald\u0131k.<\/p>\n<p><strong>Bahattin Ye\u015filo\u011flu<\/strong>, \u201cNotlar\u0131m\u201d ba\u015fl\u0131kl\u0131 yaz\u0131s\u0131n\u0131n ikinci b\u00f6l\u00fcm\u00fcyle dergimizde.<\/p>\n<p><strong>Mustafa K. Topalo\u011flu<\/strong>, \u201c\u00c7a\u011f\u0131n Sosyal Felaketi: Bo\u015fanma\u201d ba\u015fl\u0131kl\u0131 yaz\u0131nda bo\u015fanman\u0131n sebeplerine de\u011finiyor.<\/p>\n<p><strong>Hasan H\u00fcseyin Akda\u011f<\/strong>, \u201cTurgut Cansever&#8217;i Okuma Klavuzu: D\u00fczenli&#8217;nin &#8220;\u0130drak ve \u0130n\u015fa&#8221; Eseri\u201d ba\u015fl\u0131kl\u0131 yaz\u0131s\u0131nda mimar Halil \u0130brahim D\u00fczenli\u2019nin \u201c\u0130drak ve \u0130n\u015fa\u201d eseri \u00fczerinden Cansever\u2019i analiz ediyor.<\/p>\n<p><strong>Hanife K\u0131nd\u0131r<\/strong>, \u201cEngellilik Meselesi \u0130nsanl\u0131k Meselesidir\u201d ba\u015fl\u0131kl\u0131 yaz\u0131s\u0131nda engellilik gibi meseleyle tam manas\u0131yla ilgilenilmedi\u011fi ve bu hususta \u00e7al\u0131\u015fmalar yap\u0131lmas\u0131 gerekti\u011fini anlat\u0131yor.<\/p>\n<p><strong>Naz\u0131m Erol<\/strong>, \u201c\u00c7ocuk ve Terbiye\u201d ba\u015fl\u0131kl\u0131 yaz\u0131s\u0131nda ebeveynlerin \u00e7ocuklar\u0131 nas\u0131l terbiye etmesi gerekti\u011fine de\u011finiyor.<\/p>\n<p>Gelecek say\u0131m\u0131zda g\u00f6r\u00fc\u015fmek \u00fczere Allah\u2019a emanet olun&#8230;<\/p>\n<p><img loading=\"lazy\" decoding=\"async\" class=\"alignnone wp-image-516\" src=\"https:\/\/www.aylikdergisi.com\/wp-content\/uploads\/2024\/01\/aylik-baran-dergisi-23-sayi-211x300.webp\" alt=\"\" width=\"744\" height=\"1058\" srcset=\"https:\/\/www.aylikdergisi.com\/wp-content\/uploads\/2024\/01\/aylik-baran-dergisi-23-sayi-211x300.webp 211w, https:\/\/www.aylikdergisi.com\/wp-content\/uploads\/2024\/01\/aylik-baran-dergisi-23-sayi-721x1024.webp 721w, https:\/\/www.aylikdergisi.com\/wp-content\/uploads\/2024\/01\/aylik-baran-dergisi-23-sayi-768x1091.webp 768w, https:\/\/www.aylikdergisi.com\/wp-content\/uploads\/2024\/01\/aylik-baran-dergisi-23-sayi-1081x1536.webp 1081w, https:\/\/www.aylikdergisi.com\/wp-content\/uploads\/2024\/01\/aylik-baran-dergisi-23-sayi-1441x2048.webp 1441w, https:\/\/www.aylikdergisi.com\/wp-content\/uploads\/2024\/01\/aylik-baran-dergisi-23-sayi-42x60.webp 42w, https:\/\/www.aylikdergisi.com\/wp-content\/uploads\/2024\/01\/aylik-baran-dergisi-23-sayi.webp 1706w\" sizes=\"auto, (max-width: 744px) 100vw, 744px\" \/><\/p>\n<div id=\"gtx-trans\" style=\"position: absolute; left: 116px; top: 234.024px;\">\n<div class=\"gtx-trans-icon\"><\/div>\n<\/div>\n","protected":false},"excerpt":{"rendered":"<p>Selam ile\u2026 Filistin\u2019de Siyonistlerin katliamlar\u0131 s\u00fcrerken meydanlar\u0131 dolduran vicdan sahibi halklar d\u0131\u015f\u0131nda devletlerin ve uluslararas\u0131 kurumlar\u0131n sessizli\u011fi de s\u00fcr\u00fcyor. Bu uluslararas\u0131 kurumlar\u0131n ba\u015f\u0131n\u0131\u00a0Birle\u015fmi\u015f Milletler\u00a0\u00e7ekiyor. Yap\u0131s\u0131 itibariyle, tek g\u00fcc\u00fc G\u00fcvenlik Konseyi&hellip;<\/p>\n","protected":false},"author":1,"featured_media":604,"comment_status":"open","ping_status":"open","sticky":false,"template":"","format":"standard","meta":{"footnotes":""},"categories":[33],"tags":[],"ppma_author":[14],"class_list":["post-515","post","type-post","status-publish","format-standard","has-post-thumbnail","hentry","category-aylik-baran","author-admin"],"yoast_head":"<!-- This site is optimized with the Yoast SEO plugin v26.8 - https:\/\/yoast.com\/product\/yoast-seo-wordpress\/ -->\n<title>Ayl\u0131k Baran Dergisi 23. Say\u0131 \u00c7\u0131kt\u0131 - Ayl\u0131k Dergisi<\/title>\n<meta name=\"robots\" content=\"index, follow, max-snippet:-1, max-image-preview:large, max-video-preview:-1\" \/>\n<link rel=\"canonical\" href=\"https:\/\/www.aylikdergisi.com\/index.php\/2024\/01\/06\/aylik-baran-dergisi-23-sayi-cikti\/\" \/>\n<meta property=\"og:locale\" content=\"tr_TR\" \/>\n<meta property=\"og:type\" content=\"article\" \/>\n<meta property=\"og:title\" content=\"Ayl\u0131k Baran Dergisi 23. Say\u0131 \u00c7\u0131kt\u0131 - Ayl\u0131k Dergisi\" \/>\n<meta property=\"og:description\" content=\"Selam ile\u2026 Filistin\u2019de Siyonistlerin katliamlar\u0131 s\u00fcrerken meydanlar\u0131 dolduran vicdan sahibi halklar d\u0131\u015f\u0131nda devletlerin ve uluslararas\u0131 kurumlar\u0131n sessizli\u011fi de s\u00fcr\u00fcyor. Bu uluslararas\u0131 kurumlar\u0131n ba\u015f\u0131n\u0131\u00a0Birle\u015fmi\u015f Milletler\u00a0\u00e7ekiyor. Yap\u0131s\u0131 itibariyle, tek g\u00fcc\u00fc G\u00fcvenlik Konseyi&hellip;\" \/>\n<meta property=\"og:url\" content=\"https:\/\/www.aylikdergisi.com\/index.php\/2024\/01\/06\/aylik-baran-dergisi-23-sayi-cikti\/\" \/>\n<meta property=\"og:site_name\" content=\"Ayl\u0131k Dergisi\" \/>\n<meta property=\"article:publisher\" content=\"https:\/\/www.facebook.com\/AylikBaranDergisi\" \/>\n<meta property=\"article:published_time\" content=\"2024-01-06T14:06:34+00:00\" \/>\n<meta property=\"article:modified_time\" content=\"2024-07-31T09:49:21+00:00\" \/>\n<meta property=\"og:image\" content=\"https:\/\/www.aylikdergisi.com\/wp-content\/uploads\/2024\/01\/aylik-baran-23.-sayi-1.webp\" \/>\n\t<meta property=\"og:image:width\" content=\"1280\" \/>\n\t<meta property=\"og:image:height\" content=\"720\" \/>\n\t<meta property=\"og:image:type\" content=\"image\/webp\" \/>\n<meta name=\"author\" content=\"aylikdergisi\" \/>\n<meta name=\"twitter:card\" content=\"summary_large_image\" \/>\n<meta name=\"twitter:creator\" content=\"@Aylik_Dergisi\" \/>\n<meta name=\"twitter:site\" content=\"@Aylik_Dergisi\" \/>\n<meta name=\"twitter:label1\" content=\"Yazan:\" \/>\n\t<meta name=\"twitter:data1\" content=\"aylikdergisi\" \/>\n\t<meta name=\"twitter:label2\" content=\"Tahmini okuma s\u00fcresi\" \/>\n\t<meta name=\"twitter:data2\" content=\"4 dakika\" \/>\n<script type=\"application\/ld+json\" class=\"yoast-schema-graph\">{\"@context\":\"https:\/\/schema.org\",\"@graph\":[{\"@type\":\"Article\",\"@id\":\"https:\/\/www.aylikdergisi.com\/index.php\/2024\/01\/06\/aylik-baran-dergisi-23-sayi-cikti\/#article\",\"isPartOf\":{\"@id\":\"https:\/\/www.aylikdergisi.com\/index.php\/2024\/01\/06\/aylik-baran-dergisi-23-sayi-cikti\/\"},\"author\":{\"name\":\"aylikdergisi\",\"@id\":\"https:\/\/www.aylikdergisi.com\/#\/schema\/person\/f6f24c4fc82f2469847571852b8c65fd\"},\"headline\":\"Ayl\u0131k Baran Dergisi 23. Say\u0131 \u00c7\u0131kt\u0131\",\"datePublished\":\"2024-01-06T14:06:34+00:00\",\"dateModified\":\"2024-07-31T09:49:21+00:00\",\"mainEntityOfPage\":{\"@id\":\"https:\/\/www.aylikdergisi.com\/index.php\/2024\/01\/06\/aylik-baran-dergisi-23-sayi-cikti\/\"},\"wordCount\":755,\"commentCount\":0,\"publisher\":{\"@id\":\"https:\/\/www.aylikdergisi.com\/#organization\"},\"image\":{\"@id\":\"https:\/\/www.aylikdergisi.com\/index.php\/2024\/01\/06\/aylik-baran-dergisi-23-sayi-cikti\/#primaryimage\"},\"thumbnailUrl\":\"https:\/\/www.aylikdergisi.com\/wp-content\/uploads\/2024\/01\/aylik-baran-23.-sayi-1.webp\",\"articleSection\":[\"Ayl\u0131k Baran\"],\"inLanguage\":\"tr\",\"potentialAction\":[{\"@type\":\"CommentAction\",\"name\":\"Comment\",\"target\":[\"https:\/\/www.aylikdergisi.com\/index.php\/2024\/01\/06\/aylik-baran-dergisi-23-sayi-cikti\/#respond\"]}]},{\"@type\":\"WebPage\",\"@id\":\"https:\/\/www.aylikdergisi.com\/index.php\/2024\/01\/06\/aylik-baran-dergisi-23-sayi-cikti\/\",\"url\":\"https:\/\/www.aylikdergisi.com\/index.php\/2024\/01\/06\/aylik-baran-dergisi-23-sayi-cikti\/\",\"name\":\"Ayl\u0131k Baran Dergisi 23. Say\u0131 \u00c7\u0131kt\u0131 - Ayl\u0131k Dergisi\",\"isPartOf\":{\"@id\":\"https:\/\/www.aylikdergisi.com\/#website\"},\"primaryImageOfPage\":{\"@id\":\"https:\/\/www.aylikdergisi.com\/index.php\/2024\/01\/06\/aylik-baran-dergisi-23-sayi-cikti\/#primaryimage\"},\"image\":{\"@id\":\"https:\/\/www.aylikdergisi.com\/index.php\/2024\/01\/06\/aylik-baran-dergisi-23-sayi-cikti\/#primaryimage\"},\"thumbnailUrl\":\"https:\/\/www.aylikdergisi.com\/wp-content\/uploads\/2024\/01\/aylik-baran-23.-sayi-1.webp\",\"datePublished\":\"2024-01-06T14:06:34+00:00\",\"dateModified\":\"2024-07-31T09:49:21+00:00\",\"breadcrumb\":{\"@id\":\"https:\/\/www.aylikdergisi.com\/index.php\/2024\/01\/06\/aylik-baran-dergisi-23-sayi-cikti\/#breadcrumb\"},\"inLanguage\":\"tr\",\"potentialAction\":[{\"@type\":\"ReadAction\",\"target\":[\"https:\/\/www.aylikdergisi.com\/index.php\/2024\/01\/06\/aylik-baran-dergisi-23-sayi-cikti\/\"]}]},{\"@type\":\"ImageObject\",\"inLanguage\":\"tr\",\"@id\":\"https:\/\/www.aylikdergisi.com\/index.php\/2024\/01\/06\/aylik-baran-dergisi-23-sayi-cikti\/#primaryimage\",\"url\":\"https:\/\/www.aylikdergisi.com\/wp-content\/uploads\/2024\/01\/aylik-baran-23.-sayi-1.webp\",\"contentUrl\":\"https:\/\/www.aylikdergisi.com\/wp-content\/uploads\/2024\/01\/aylik-baran-23.-sayi-1.webp\",\"width\":1280,\"height\":720},{\"@type\":\"BreadcrumbList\",\"@id\":\"https:\/\/www.aylikdergisi.com\/index.php\/2024\/01\/06\/aylik-baran-dergisi-23-sayi-cikti\/#breadcrumb\",\"itemListElement\":[{\"@type\":\"ListItem\",\"position\":1,\"name\":\"Anasayfa\",\"item\":\"https:\/\/www.aylikdergisi.com\/\"},{\"@type\":\"ListItem\",\"position\":2,\"name\":\"Ayl\u0131k Baran Dergisi 23. Say\u0131 \u00c7\u0131kt\u0131\"}]},{\"@type\":\"WebSite\",\"@id\":\"https:\/\/www.aylikdergisi.com\/#website\",\"url\":\"https:\/\/www.aylikdergisi.com\/\",\"name\":\"Ayl\u0131k Dergisi\",\"description\":\"Fikir, Siyaset, Toplum ve K&uuml;lt&uuml;r Sanat\",\"publisher\":{\"@id\":\"https:\/\/www.aylikdergisi.com\/#organization\"},\"potentialAction\":[{\"@type\":\"SearchAction\",\"target\":{\"@type\":\"EntryPoint\",\"urlTemplate\":\"https:\/\/www.aylikdergisi.com\/?s={search_term_string}\"},\"query-input\":{\"@type\":\"PropertyValueSpecification\",\"valueRequired\":true,\"valueName\":\"search_term_string\"}}],\"inLanguage\":\"tr\"},{\"@type\":\"Organization\",\"@id\":\"https:\/\/www.aylikdergisi.com\/#organization\",\"name\":\"Ayl\u0131k Dergisi\",\"url\":\"https:\/\/www.aylikdergisi.com\/\",\"logo\":{\"@type\":\"ImageObject\",\"inLanguage\":\"tr\",\"@id\":\"https:\/\/www.aylikdergisi.com\/#\/schema\/logo\/image\/\",\"url\":\"http:\/\/aylikdergisi.com\/wp-content\/uploads\/2023\/03\/cropped-aylik-dergisi-logo-taslak.png\",\"contentUrl\":\"http:\/\/aylikdergisi.com\/wp-content\/uploads\/2023\/03\/cropped-aylik-dergisi-logo-taslak.png\",\"width\":380,\"height\":287,\"caption\":\"Ayl\u0131k Dergisi\"},\"image\":{\"@id\":\"https:\/\/www.aylikdergisi.com\/#\/schema\/logo\/image\/\"},\"sameAs\":[\"https:\/\/www.facebook.com\/AylikBaranDergisi\",\"https:\/\/x.com\/Aylik_Dergisi\",\"https:\/\/www.instagram.com\/aylikbarandergisi\/\"]},{\"@type\":\"Person\",\"@id\":\"https:\/\/www.aylikdergisi.com\/#\/schema\/person\/f6f24c4fc82f2469847571852b8c65fd\",\"name\":\"aylikdergisi\",\"image\":{\"@type\":\"ImageObject\",\"inLanguage\":\"tr\",\"@id\":\"https:\/\/www.aylikdergisi.com\/#\/schema\/person\/image\/794c885c93221403cc418bbc3f8b6bb9\",\"url\":\"https:\/\/secure.gravatar.com\/avatar\/d913209259cea2fbc9e0fe2b58775b1e647df1ee76ecf3e69623cc9249747609?s=96&d=mm&r=g\",\"contentUrl\":\"https:\/\/secure.gravatar.com\/avatar\/d913209259cea2fbc9e0fe2b58775b1e647df1ee76ecf3e69623cc9249747609?s=96&d=mm&r=g\",\"caption\":\"aylikdergisi\"},\"sameAs\":[\"http:\/\/aylikdergisi.com\"],\"url\":\"https:\/\/www.aylikdergisi.com\/index.php\/author\/admin\/\"}]}<\/script>\n<!-- \/ Yoast SEO plugin. -->","yoast_head_json":{"title":"Ayl\u0131k Baran Dergisi 23. Say\u0131 \u00c7\u0131kt\u0131 - Ayl\u0131k Dergisi","robots":{"index":"index","follow":"follow","max-snippet":"max-snippet:-1","max-image-preview":"max-image-preview:large","max-video-preview":"max-video-preview:-1"},"canonical":"https:\/\/www.aylikdergisi.com\/index.php\/2024\/01\/06\/aylik-baran-dergisi-23-sayi-cikti\/","og_locale":"tr_TR","og_type":"article","og_title":"Ayl\u0131k Baran Dergisi 23. Say\u0131 \u00c7\u0131kt\u0131 - Ayl\u0131k Dergisi","og_description":"Selam ile\u2026 Filistin\u2019de Siyonistlerin katliamlar\u0131 s\u00fcrerken meydanlar\u0131 dolduran vicdan sahibi halklar d\u0131\u015f\u0131nda devletlerin ve uluslararas\u0131 kurumlar\u0131n sessizli\u011fi de s\u00fcr\u00fcyor. Bu uluslararas\u0131 kurumlar\u0131n ba\u015f\u0131n\u0131\u00a0Birle\u015fmi\u015f Milletler\u00a0\u00e7ekiyor. Yap\u0131s\u0131 itibariyle, tek g\u00fcc\u00fc G\u00fcvenlik Konseyi&hellip;","og_url":"https:\/\/www.aylikdergisi.com\/index.php\/2024\/01\/06\/aylik-baran-dergisi-23-sayi-cikti\/","og_site_name":"Ayl\u0131k Dergisi","article_publisher":"https:\/\/www.facebook.com\/AylikBaranDergisi","article_published_time":"2024-01-06T14:06:34+00:00","article_modified_time":"2024-07-31T09:49:21+00:00","og_image":[{"width":1280,"height":720,"url":"https:\/\/www.aylikdergisi.com\/wp-content\/uploads\/2024\/01\/aylik-baran-23.-sayi-1.webp","type":"image\/webp"}],"author":"aylikdergisi","twitter_card":"summary_large_image","twitter_creator":"@Aylik_Dergisi","twitter_site":"@Aylik_Dergisi","twitter_misc":{"Yazan:":"aylikdergisi","Tahmini okuma s\u00fcresi":"4 dakika"},"schema":{"@context":"https:\/\/schema.org","@graph":[{"@type":"Article","@id":"https:\/\/www.aylikdergisi.com\/index.php\/2024\/01\/06\/aylik-baran-dergisi-23-sayi-cikti\/#article","isPartOf":{"@id":"https:\/\/www.aylikdergisi.com\/index.php\/2024\/01\/06\/aylik-baran-dergisi-23-sayi-cikti\/"},"author":{"name":"aylikdergisi","@id":"https:\/\/www.aylikdergisi.com\/#\/schema\/person\/f6f24c4fc82f2469847571852b8c65fd"},"headline":"Ayl\u0131k Baran Dergisi 23. Say\u0131 \u00c7\u0131kt\u0131","datePublished":"2024-01-06T14:06:34+00:00","dateModified":"2024-07-31T09:49:21+00:00","mainEntityOfPage":{"@id":"https:\/\/www.aylikdergisi.com\/index.php\/2024\/01\/06\/aylik-baran-dergisi-23-sayi-cikti\/"},"wordCount":755,"commentCount":0,"publisher":{"@id":"https:\/\/www.aylikdergisi.com\/#organization"},"image":{"@id":"https:\/\/www.aylikdergisi.com\/index.php\/2024\/01\/06\/aylik-baran-dergisi-23-sayi-cikti\/#primaryimage"},"thumbnailUrl":"https:\/\/www.aylikdergisi.com\/wp-content\/uploads\/2024\/01\/aylik-baran-23.-sayi-1.webp","articleSection":["Ayl\u0131k Baran"],"inLanguage":"tr","potentialAction":[{"@type":"CommentAction","name":"Comment","target":["https:\/\/www.aylikdergisi.com\/index.php\/2024\/01\/06\/aylik-baran-dergisi-23-sayi-cikti\/#respond"]}]},{"@type":"WebPage","@id":"https:\/\/www.aylikdergisi.com\/index.php\/2024\/01\/06\/aylik-baran-dergisi-23-sayi-cikti\/","url":"https:\/\/www.aylikdergisi.com\/index.php\/2024\/01\/06\/aylik-baran-dergisi-23-sayi-cikti\/","name":"Ayl\u0131k Baran Dergisi 23. Say\u0131 \u00c7\u0131kt\u0131 - Ayl\u0131k Dergisi","isPartOf":{"@id":"https:\/\/www.aylikdergisi.com\/#website"},"primaryImageOfPage":{"@id":"https:\/\/www.aylikdergisi.com\/index.php\/2024\/01\/06\/aylik-baran-dergisi-23-sayi-cikti\/#primaryimage"},"image":{"@id":"https:\/\/www.aylikdergisi.com\/index.php\/2024\/01\/06\/aylik-baran-dergisi-23-sayi-cikti\/#primaryimage"},"thumbnailUrl":"https:\/\/www.aylikdergisi.com\/wp-content\/uploads\/2024\/01\/aylik-baran-23.-sayi-1.webp","datePublished":"2024-01-06T14:06:34+00:00","dateModified":"2024-07-31T09:49:21+00:00","breadcrumb":{"@id":"https:\/\/www.aylikdergisi.com\/index.php\/2024\/01\/06\/aylik-baran-dergisi-23-sayi-cikti\/#breadcrumb"},"inLanguage":"tr","potentialAction":[{"@type":"ReadAction","target":["https:\/\/www.aylikdergisi.com\/index.php\/2024\/01\/06\/aylik-baran-dergisi-23-sayi-cikti\/"]}]},{"@type":"ImageObject","inLanguage":"tr","@id":"https:\/\/www.aylikdergisi.com\/index.php\/2024\/01\/06\/aylik-baran-dergisi-23-sayi-cikti\/#primaryimage","url":"https:\/\/www.aylikdergisi.com\/wp-content\/uploads\/2024\/01\/aylik-baran-23.-sayi-1.webp","contentUrl":"https:\/\/www.aylikdergisi.com\/wp-content\/uploads\/2024\/01\/aylik-baran-23.-sayi-1.webp","width":1280,"height":720},{"@type":"BreadcrumbList","@id":"https:\/\/www.aylikdergisi.com\/index.php\/2024\/01\/06\/aylik-baran-dergisi-23-sayi-cikti\/#breadcrumb","itemListElement":[{"@type":"ListItem","position":1,"name":"Anasayfa","item":"https:\/\/www.aylikdergisi.com\/"},{"@type":"ListItem","position":2,"name":"Ayl\u0131k Baran Dergisi 23. Say\u0131 \u00c7\u0131kt\u0131"}]},{"@type":"WebSite","@id":"https:\/\/www.aylikdergisi.com\/#website","url":"https:\/\/www.aylikdergisi.com\/","name":"Ayl\u0131k Dergisi","description":"Fikir, Siyaset, Toplum ve K&uuml;lt&uuml;r Sanat","publisher":{"@id":"https:\/\/www.aylikdergisi.com\/#organization"},"potentialAction":[{"@type":"SearchAction","target":{"@type":"EntryPoint","urlTemplate":"https:\/\/www.aylikdergisi.com\/?s={search_term_string}"},"query-input":{"@type":"PropertyValueSpecification","valueRequired":true,"valueName":"search_term_string"}}],"inLanguage":"tr"},{"@type":"Organization","@id":"https:\/\/www.aylikdergisi.com\/#organization","name":"Ayl\u0131k Dergisi","url":"https:\/\/www.aylikdergisi.com\/","logo":{"@type":"ImageObject","inLanguage":"tr","@id":"https:\/\/www.aylikdergisi.com\/#\/schema\/logo\/image\/","url":"http:\/\/aylikdergisi.com\/wp-content\/uploads\/2023\/03\/cropped-aylik-dergisi-logo-taslak.png","contentUrl":"http:\/\/aylikdergisi.com\/wp-content\/uploads\/2023\/03\/cropped-aylik-dergisi-logo-taslak.png","width":380,"height":287,"caption":"Ayl\u0131k Dergisi"},"image":{"@id":"https:\/\/www.aylikdergisi.com\/#\/schema\/logo\/image\/"},"sameAs":["https:\/\/www.facebook.com\/AylikBaranDergisi","https:\/\/x.com\/Aylik_Dergisi","https:\/\/www.instagram.com\/aylikbarandergisi\/"]},{"@type":"Person","@id":"https:\/\/www.aylikdergisi.com\/#\/schema\/person\/f6f24c4fc82f2469847571852b8c65fd","name":"aylikdergisi","image":{"@type":"ImageObject","inLanguage":"tr","@id":"https:\/\/www.aylikdergisi.com\/#\/schema\/person\/image\/794c885c93221403cc418bbc3f8b6bb9","url":"https:\/\/secure.gravatar.com\/avatar\/d913209259cea2fbc9e0fe2b58775b1e647df1ee76ecf3e69623cc9249747609?s=96&d=mm&r=g","contentUrl":"https:\/\/secure.gravatar.com\/avatar\/d913209259cea2fbc9e0fe2b58775b1e647df1ee76ecf3e69623cc9249747609?s=96&d=mm&r=g","caption":"aylikdergisi"},"sameAs":["http:\/\/aylikdergisi.com"],"url":"https:\/\/www.aylikdergisi.com\/index.php\/author\/admin\/"}]}},"authors":[{"term_id":14,"user_id":1,"is_guest":0,"slug":"admin","display_name":"aylikdergisi","avatar_url":"https:\/\/secure.gravatar.com\/avatar\/72d88977e7edd63669015a131160b7255adb4b26ec9dfe844962f6640dc09e99?s=96&d=mm&r=g","author_category":"","user_url":"http:\/\/aylikdergisi.com","last_name":"","first_name":"","job_title":"","description":""}],"_links":{"self":[{"href":"https:\/\/www.aylikdergisi.com\/index.php\/wp-json\/wp\/v2\/posts\/515","targetHints":{"allow":["GET"]}}],"collection":[{"href":"https:\/\/www.aylikdergisi.com\/index.php\/wp-json\/wp\/v2\/posts"}],"about":[{"href":"https:\/\/www.aylikdergisi.com\/index.php\/wp-json\/wp\/v2\/types\/post"}],"author":[{"embeddable":true,"href":"https:\/\/www.aylikdergisi.com\/index.php\/wp-json\/wp\/v2\/users\/1"}],"replies":[{"embeddable":true,"href":"https:\/\/www.aylikdergisi.com\/index.php\/wp-json\/wp\/v2\/comments?post=515"}],"version-history":[{"count":1,"href":"https:\/\/www.aylikdergisi.com\/index.php\/wp-json\/wp\/v2\/posts\/515\/revisions"}],"predecessor-version":[{"id":518,"href":"https:\/\/www.aylikdergisi.com\/index.php\/wp-json\/wp\/v2\/posts\/515\/revisions\/518"}],"wp:featuredmedia":[{"embeddable":true,"href":"https:\/\/www.aylikdergisi.com\/index.php\/wp-json\/wp\/v2\/media\/604"}],"wp:attachment":[{"href":"https:\/\/www.aylikdergisi.com\/index.php\/wp-json\/wp\/v2\/media?parent=515"}],"wp:term":[{"taxonomy":"category","embeddable":true,"href":"https:\/\/www.aylikdergisi.com\/index.php\/wp-json\/wp\/v2\/categories?post=515"},{"taxonomy":"post_tag","embeddable":true,"href":"https:\/\/www.aylikdergisi.com\/index.php\/wp-json\/wp\/v2\/tags?post=515"},{"taxonomy":"author","embeddable":true,"href":"https:\/\/www.aylikdergisi.com\/index.php\/wp-json\/wp\/v2\/ppma_author?post=515"}],"curies":[{"name":"wp","href":"https:\/\/api.w.org\/{rel}","templated":true}]}}